{"id":9941,"date":"2021-09-28T20:05:43","date_gmt":"2021-09-28T19:05:43","guid":{"rendered":"http:\/\/www.lagora-edhec.com\/?p=9941"},"modified":"2021-09-28T20:05:43","modified_gmt":"2021-09-28T19:05:43","slug":"lagora-a-recu-elisabeth-moreno","status":"publish","type":"post","link":"https:\/\/www.lagora-edhec.com\/?p=9941","title":{"rendered":"L&rsquo;Agora a re\u00e7u \u00c9lisabeth Moreno!"},"content":{"rendered":"\n<h2 class=\"has-text-align-center wp-block-heading\">L&rsquo;Agora a re\u00e7u \u00c9lisabeth Moreno!<\/h2>\n\n\n\n<p>Conf\u00e9rence de l\u2019Agora&nbsp;: Elisabeth Moreno, Ministre d\u00e9l\u00e9gu\u00e9e charg\u00e9e de l&rsquo;\u00c9galit\u00e9 entre les femmes et les hommes, de la Diversit\u00e9 et de l\u2019\u00c9galit\u00e9 des chances, \u00e9tait re\u00e7ue le <strong>22 septembre 2021<\/strong> par la Tribune \u00e9tudiante de l\u2019EDHEC Business School<br><\/p>\n\n\n\n<figure class=\"wp-block-gallery columns-1 is-cropped wp-block-gallery-1 is-layout-flex wp-block-gallery-is-layout-flex\"><ul class=\"blocks-gallery-grid\"><li class=\"blocks-gallery-item\"><figure><img fetchpriority=\"high\" decoding=\"async\" width=\"5000\" height=\"3333\" src=\"https:\/\/www.lagora-edhec.com\/wp-content\/uploads\/IMG_8584-2-5000x3333.jpg\" alt=\"\" data-id=\"9945\" data-full-url=\"https:\/\/www.lagora-edhec.com\/wp-content\/uploads\/IMG_8584-2-scaled.jpg\" data-link=\"https:\/\/www.lagora-edhec.com\/?attachment_id=9945\" class=\"wp-image-9945\" srcset=\"https:\/\/www.lagora-edhec.com\/wp-content\/uploads\/IMG_8584-2-5000x3333.jpg 5000w, https:\/\/www.lagora-edhec.com\/wp-content\/uploads\/IMG_8584-2-300x200.jpg 300w, https:\/\/www.lagora-edhec.com\/wp-content\/uploads\/IMG_8584-2-768x512.jpg 768w, https:\/\/www.lagora-edhec.com\/wp-content\/uploads\/IMG_8584-2-1536x1024.jpg 1536w, https:\/\/www.lagora-edhec.com\/wp-content\/uploads\/IMG_8584-2-2048x1365.jpg 2048w\" sizes=\"(max-width: 5000px) 100vw, 5000px\" \/><\/figure><\/li><\/ul><\/figure>\n\n\n\n<p><strong><em>Oser r\u00eaver grand<\/em><\/strong><\/p>\n\n\n\n<p>Arriv\u00e9e en France \u00e0 l\u2019\u00e2ge de sept ans \u00e0 la suite d\u2019un drame familial, rien ne pr\u00e9destinait notre invit\u00e9 \u00e0 devenir Ministre, elle qui s\u2019est d\u2019abord battue pour survivre en esp\u00e9rant trouver une sortie positive pour elle et pour sa famille.&nbsp;&nbsp;<\/p>\n\n\n\n<p>Directrice des ventes en Europe chez Dell, PDG de Lenovo France et directrice de HP Afrique, Elisabeth Moreno a d\u2019abord fait carri\u00e8re dans le priv\u00e9\u00a0; brisant incontestablement le plafond de verre. <em>\u00ab\u00a0Mon parcours dans le priv\u00e9, je l\u2019ai construit \u00e0 la force du poignet.\u00a0\u00bb <\/em>Effectivement, en se tournant vers les m\u00e9tiers de la tech et des t\u00e9l\u00e9communications, majoritairement masculins, la Ministre n\u2019a pas choisi la facilit\u00e9 et a toujours d\u00fb faire plus pour montrer ses comp\u00e9tences. Toutefois, \u00e0 l\u2019heure o\u00f9 l&rsquo;\u00e9galit\u00e9 salariale entre les hommes et les femmes est loin d\u2019\u00eatre atteinte, les femmes ne doivent pas \u00eatre vues comme des victimes\u00a0: <em>\u00ab\u00a0elles sont de merveilleuses guerri\u00e8res et l\u2019\u00e9mancipation \u00e9conomique est l\u2019une des cl\u00e9s de leur lib\u00e9ration.\u00a0\u00bb <\/em>C\u2019est pourquoi l\u2019\u00e9galit\u00e9 comme culture doit \u00eatre transmise afin que chaque jeune puisse \u00eatre ambitieux et r\u00eaver grand.<\/p>\n\n\n\n<p><strong><em>L\u2019\u00e9galit\u00e9, une culture<\/em><\/strong><\/p>\n\n\n\n<p>Les sources des in\u00e9galit\u00e9s \u00e9tant exactement les m\u00eames, la combinaison de trois minist\u00e8res en un est tout \u00e0 fait logique pour la Ministre. Cette culture de l\u2019\u00e9galit\u00e9 est avant tout une volont\u00e9 chevill\u00e9e au corps pour celle qui a toujours voulu aider ses parents et offrir \u00e0 ses filles une vie meilleure qu\u2019elle. L\u2019\u00e9galit\u00e9 comme culture doit donc \u00eatre insuffl\u00e9e d\u00e8s le plus jeune \u00e2ge, c\u2019est l\u00e0 le r\u00f4le majeur jou\u00e9 par l\u2019\u00e9ducation. A ce titre, tous les lyc\u00e9ens doivent absolument \u00eatre inform\u00e9s de l\u2019existence des \u00e9coles les plus \u00e9litistes telles que Sciences Po et l\u2019ENA, mais \u00e9galement de toutes les possibilit\u00e9s d\u2019orientation dans le secondaire. En t\u00e9moignent les cord\u00e9es de la r\u00e9ussite mises en place par Jean-Michel Blanquer. Toutefois, Elisabeth Moreno ne manque pas de rappeler que l\u2019Etat ne fait pas tout et si ces notions s\u2019enseignent, elles se discutent aussi au sein de chaque sph\u00e8re familiale. Comment alors responsabiliser les parents\u00a0? En expliquant davantage certaines notions et en \u00e9tant intransigeant sur les valeurs de notre pays\u00a0: <em>\u00ab\u00a0C\u2019est ce qui nous rassemble\u00a0\u00bb.<\/em><\/p>\n\n\n\n<p><strong><em>La diversit\u00e9, un atout<\/em><\/strong><\/p>\n\n\n\n<p>V\u00e9ritable repr\u00e9sentation de la diversit\u00e9, Madame Moreno sait mieux que quiconque ce qui dysfonctionne au sein de la soci\u00e9t\u00e9 fran\u00e7aise, car elle en a souffert. <em>\u00ab&nbsp;Je m\u2019appuie sur des exp\u00e9riences de vie, ce n\u2019est pas de la th\u00e9orie.&nbsp;\u00bb&nbsp;<\/em><\/p>\n\n\n\n<p>Plusieurs exemples \u00e0 l\u2019appui, au premier rang desquels la mise en place r\u00e9cente de la contraception gratuite jusqu\u2019\u00e0 vingt-cinq ans aux c\u00f4t\u00e9s d\u2019Olivier V\u00e9ran, elle associe la r\u00e9ussite \u00e0 un travail collectif. L\u00e0 o\u00f9 la discrimination divise et fracture, la diversit\u00e9 doit \u00eatre regard\u00e9e comme un atout pour elle qui a travaill\u00e9 sur les quatre continents.<\/p>\n\n\n\n<p>La rapidit\u00e9 avec laquelle s\u2019est d\u00e9velopp\u00e9 le num\u00e9rique a rendu encore plus vif le harc\u00e8lement, ou plut\u00f4t le cyberharc\u00e8lement, dont les filles et les femmes, syst\u00e9matiquement attaqu\u00e9es sur leur physique, sont les premi\u00e8res victimes. Celle qui conna\u00eet mieux que personne les avantages du num\u00e9rique met en garde contre le cyberharc\u00e8lement qui peut conduire au suicide.<\/p>\n\n\n\n<p>Apr\u00e8s avoir affirm\u00e9 qu\u2019elle n\u2019a jamais fait de plans sur la com\u00e8te, Elisabeth Moreno conclut la conf\u00e9rence par ces mots \u00ab&nbsp;<em>Je ne suis pas venue faire de la politique, je suis venue porter une mission car ces sujets me tiennent particuli\u00e8rement \u00e0 c\u0153ur.<\/em>&nbsp;\u00bb&nbsp;; avant de nous confier sa seule certitude quant \u00e0 la fin de son mandat&nbsp;: prendre un mois de vacances&nbsp;!&nbsp;&nbsp;<\/p>\n\n\n\n<p><\/p>\n","protected":false},"excerpt":{"rendered":"<p>L&rsquo;Agora a re\u00e7u \u00c9lisabeth Moreno! Conf\u00e9rence de l\u2019Agora&nbsp;: Elisabeth Moreno, Ministre d\u00e9l\u00e9gu\u00e9e charg\u00e9e de l&rsquo;\u00c9galit\u00e9 entre les femmes et les hommes, de la Diversit\u00e9 et de l\u2019\u00c9galit\u00e9 des chances, \u00e9tait re\u00e7ue le 22 septembre 2021 par la Tribune \u00e9tudiante de l\u2019EDHEC Business School Oser r\u00eaver grand Arriv\u00e9e en France \u00e0 l\u2019\u00e2ge de sept ans \u00e0 [&hellip;]<\/p>\n","protected":false},"author":39,"featured_media":0,"comment_status":"closed","ping_status":"closed","sticky":false,"template":"","format":"standard","meta":{"footnotes":""},"categories":[3],"tags":[],"class_list":["post-9941","post","type-post","status-publish","format-standard","hentry","category-conferences"],"_links":{"self":[{"href":"https:\/\/www.lagora-edhec.com\/index.php?rest_route=\/wp\/v2\/posts\/9941","targetHints":{"allow":["GET"]}}],"collection":[{"href":"https:\/\/www.lagora-edhec.com\/index.php?rest_route=\/wp\/v2\/posts"}],"about":[{"href":"https:\/\/www.lagora-edhec.com\/index.php?rest_route=\/wp\/v2\/types\/post"}],"author":[{"embeddable":true,"href":"https:\/\/www.lagora-edhec.com\/index.php?rest_route=\/wp\/v2\/users\/39"}],"replies":[{"embeddable":true,"href":"https:\/\/www.lagora-edhec.com\/index.php?rest_route=%2Fwp%2Fv2%2Fcomments&post=9941"}],"version-history":[{"count":2,"href":"https:\/\/www.lagora-edhec.com\/index.php?rest_route=\/wp\/v2\/posts\/9941\/revisions"}],"predecessor-version":[{"id":9947,"href":"https:\/\/www.lagora-edhec.com\/index.php?rest_route=\/wp\/v2\/posts\/9941\/revisions\/9947"}],"wp:attachment":[{"href":"https:\/\/www.lagora-edhec.com\/index.php?rest_route=%2Fwp%2Fv2%2Fmedia&parent=9941"}],"wp:term":[{"taxonomy":"category","embeddable":true,"href":"https:\/\/www.lagora-edhec.com\/index.php?rest_route=%2Fwp%2Fv2%2Fcategories&post=9941"},{"taxonomy":"post_tag","embeddable":true,"href":"https:\/\/www.lagora-edhec.com\/index.php?rest_route=%2Fwp%2Fv2%2Ftags&post=9941"}],"curies":[{"name":"wp","href":"https:\/\/api.w.org\/{rel}","templated":true}]}}