{"id":94,"date":"2003-03-25T18:30:15","date_gmt":"2003-03-25T16:30:15","guid":{"rendered":"http:\/\/www.lagora-edhec.com\/?p=94"},"modified":"2019-08-11T19:34:29","modified_gmt":"2019-08-11T17:34:29","slug":"quel-projet-pour-leurope","status":"publish","type":"post","link":"https:\/\/www.lagora-edhec.com\/?p=94","title":{"rendered":"Quel projet pour l&rsquo;Europe ?"},"content":{"rendered":"<p><img fetchpriority=\"high\" decoding=\"async\" class=\"alignnone wp-image-6133 size-full\" title=\"Jean-Luc Dehaene\" src=\"https:\/\/www.lagora-edhec.com\/wp-content\/uploads\/Jean-Luc-Dehaene-2002.jpg\" alt=\"\" width=\"1024\" height=\"681\" srcset=\"https:\/\/www.lagora-edhec.com\/wp-content\/uploads\/Jean-Luc-Dehaene-2002.jpg 1024w, https:\/\/www.lagora-edhec.com\/wp-content\/uploads\/Jean-Luc-Dehaene-2002-300x200.jpg 300w, https:\/\/www.lagora-edhec.com\/wp-content\/uploads\/Jean-Luc-Dehaene-2002-768x511.jpg 768w, https:\/\/www.lagora-edhec.com\/wp-content\/uploads\/Jean-Luc-Dehaene-2002-390x260.jpg 390w, https:\/\/www.lagora-edhec.com\/wp-content\/uploads\/Jean-Luc-Dehaene-2002-520x346.jpg 520w, https:\/\/www.lagora-edhec.com\/wp-content\/uploads\/Jean-Luc-Dehaene-2002-740x492.jpg 740w\" sizes=\"(max-width: 1024px) 100vw, 1024px\" \/><\/p>\n<p>Conf\u00e9rence du 25 Mars 2003 avec <strong>Jean-Luc Dehaene<\/strong> (Vice-Pr\u00e9sident de la commission sur l&rsquo;avenir de l&rsquo;Europe, ancien Premier Ministre de Belgique). Conf\u00e9rence sur l&rsquo;avenir de la construction europ\u00e9enne.<\/p>\n","protected":false},"excerpt":{"rendered":"<p>Conf\u00e9rence du 25 Mars 2003 avec Jean-Luc Dehaene (Vice-Pr\u00e9sident de la commission sur l&rsquo;avenir de l&rsquo;Europe, ancien Premier Ministre de Belgique). Conf\u00e9rence sur l&rsquo;avenir de la construction europ\u00e9enne.<\/p>\n","protected":false},"author":1,"featured_media":290,"comment_status":"closed","ping_status":"closed","sticky":false,"template":"","format":"standard","meta":{"footnotes":""},"categories":[123,115,3],"tags":[],"class_list":["post-94","post","type-post","status-publish","format-standard","has-post-thumbnail","hentry","category-2002-2003","category-anciennes","category-conferences"],"_links":{"self":[{"href":"https:\/\/www.lagora-edhec.com\/index.php?rest_route=\/wp\/v2\/posts\/94","targetHints":{"allow":["GET"]}}],"collection":[{"href":"https:\/\/www.lagora-edhec.com\/index.php?rest_route=\/wp\/v2\/posts"}],"about":[{"href":"https:\/\/www.lagora-edhec.com\/index.php?rest_route=\/wp\/v2\/types\/post"}],"author":[{"embeddable":true,"href":"https:\/\/www.lagora-edhec.com\/index.php?rest_route=\/wp\/v2\/users\/1"}],"replies":[{"embeddable":true,"href":"https:\/\/www.lagora-edhec.com\/index.php?rest_route=%2Fwp%2Fv2%2Fcomments&post=94"}],"version-history":[{"count":11,"href":"https:\/\/www.lagora-edhec.com\/index.php?rest_route=\/wp\/v2\/posts\/94\/revisions"}],"predecessor-version":[{"id":6147,"href":"https:\/\/www.lagora-edhec.com\/index.php?rest_route=\/wp\/v2\/posts\/94\/revisions\/6147"}],"wp:featuredmedia":[{"embeddable":true,"href":"https:\/\/www.lagora-edhec.com\/index.php?rest_route=\/wp\/v2\/media\/290"}],"wp:attachment":[{"href":"https:\/\/www.lagora-edhec.com\/index.php?rest_route=%2Fwp%2Fv2%2Fmedia&parent=94"}],"wp:term":[{"taxonomy":"category","embeddable":true,"href":"https:\/\/www.lagora-edhec.com\/index.php?rest_route=%2Fwp%2Fv2%2Fcategories&post=94"},{"taxonomy":"post_tag","embeddable":true,"href":"https:\/\/www.lagora-edhec.com\/index.php?rest_route=%2Fwp%2Fv2%2Ftags&post=94"}],"curies":[{"name":"wp","href":"https:\/\/api.w.org\/{rel}","templated":true}]}}