{"id":9376,"date":"2021-05-14T13:58:18","date_gmt":"2021-05-14T12:58:18","guid":{"rendered":"http:\/\/www.lagora-edhec.com\/?p=9376"},"modified":"2021-05-14T13:58:18","modified_gmt":"2021-05-14T12:58:18","slug":"lagora-rencontre","status":"publish","type":"post","link":"https:\/\/www.lagora-edhec.com\/?p=9376","title":{"rendered":"L&rsquo;Agora rencontre"},"content":{"rendered":"\n<h2 class=\"wp-block-heading\">L&rsquo;Agora rencontre Margar\u00edtis Schin\u00e1s <\/h2>\n\n\n\n<p><em>Le 28 avril dernier, l\u2019Agora, tribune de l\u2019EDHEC Business School a eu le plaisir d\u2019interviewer le Vice-Pr\u00e9sident de la Commission europ\u00e9enne Margar\u00edtis Schin\u00e1s lors de la derni\u00e8re \u00ab\u00a0Rencontre de L\u2019Agora\u00a0\u00bb de la saison \u00e0 visionner sur les r\u00e9seaux sociaux et disponible en int\u00e9gralit\u00e9 en format podcast sur toutes les plateformes de t\u00e9l\u00e9chargement.<\/em><\/p>\n\n\n\n<p><strong>Un leader grec qui incarne un r\u00f4le nouveau \u00e0 la\nCommission europ\u00e9enne<\/strong><\/p>\n\n\n\n<p>Margar\u00edtis Schin\u00e1s\nest le premier Vice-Pr\u00e9sident grec de la Commission europ\u00e9enne. Cela repr\u00e9sente\npour lui un r\u00e9el aboutissement dans son travail \u00e0 la Commission o\u00f9 il y a d\u00e9j\u00e0\noccup\u00e9 les postes de d\u00e9put\u00e9 europ\u00e9en et de porte-parole. Ce r\u00f4le lui permet aussi\nde montrer que la Gr\u00e8ce est revenue sur le devant de la sc\u00e8ne europ\u00e9enne&nbsp;:\napr\u00e8s des ann\u00e9es difficiles marqu\u00e9es par la crise de la dette publique de 2010,\nl\u2019explosion de flux migratoires et la pand\u00e9mie de la Covid-19. <\/p>\n\n\n\n<p><em>\u00ab&nbsp;Ma\nVice-Pr\u00e9sidence refl\u00e8te donc le retour de la Gr\u00e8ce et la r\u00e9silience de la Gr\u00e8ce\nau sein de la famille europ\u00e9enne&nbsp;\u00bb<\/em><\/p>\n\n\n\n<p>Il nous confie que\nsa position de Vice-Pr\u00e9sident est le reflet m\u00eame du discours du Pr\u00e9sident\nEmmanuel Macron \u00e0 la Sorbonne sur une Europe plus ouverte et qui prot\u00e8ge. En\neffet, Margar\u00edtis Schin\u00e1s est charg\u00e9 des migrations et de la promotion du mode\nde vie europ\u00e9en. Il essaie donc de cr\u00e9er <em>\u00ab&nbsp;un d\u00e9nominateur culturel\ncommun \u00bb,<\/em> qui rassemble les citoyens europ\u00e9ens sous le sport, la culture ou\nencore le programme Erasmus, r\u00e9elle opportunit\u00e9 pour tous de s\u2019enrichir et de\nse confronter \u00e0 la diversit\u00e9 offerte par les pays europ\u00e9ens. <\/p>\n\n\n\n<p><strong>Une Europe solide&nbsp;: une \u00ab&nbsp;c\u00e9l\u00e9bration de\nd\u00e9mocratie&nbsp;\u00bb<\/strong><\/p>\n\n\n\n<p>Margar\u00edtis Schin\u00e1s\nnous confie que le mode de vie europ\u00e9en tel qu\u2019il est expos\u00e9 <em>\u00ab&nbsp;refl\u00e8te\ntous les atouts et les avantages que l\u2019Europe apporte.&nbsp;\u00bb<\/em> C\u2019est\npourquoi selon lui, il est impossible de parler de crise d\u00e9mocratique\naujourd\u2019hui en Europe, malgr\u00e9 la mont\u00e9e des partis populistes. Il justifie ce\nconstat en expliquant que les forces populistes ont toujours \u00e9t\u00e9 pr\u00e9sentes en\nEurope et elles ne sont aucunement une menace.&nbsp;\nDans la m\u00eame optique, malgr\u00e9 le <em>\u00ab&nbsp;divorce&nbsp;\u00bb<\/em> entre\nl\u2019Union Europ\u00e9enne et le Royaume-Uni, ce dernier restera un partenaire cl\u00e9\nnotamment dans les questions de g\u00e9opolitique, de s\u00e9curit\u00e9 et de d\u00e9fense. Le but\n\u00e9tant pour Margar\u00edtis Schin\u00e1s de <em>\u00ab&nbsp;trouver une relation de\ncoexistence&nbsp;strat\u00e9gique&nbsp;\u00bb<\/em> pour que les deux anciens partenaires\narrivent encore \u00e0 faire face ensemble aux enjeux internationaux. <\/p>\n\n\n\n<p><strong>Quel avenir pour l\u2019Europe&nbsp;? <\/strong><\/p>\n\n\n\n<p>Plusieurs d\u00e9fis\nattendent le Vice-Pr\u00e9sident de la Commission. En effet, Margar\u00edtis Schin\u00e1s\nprend tr\u00e8s \u00e0 c\u0153ur le sujet des migrations climatiques. Bien que l\u2019Union\nEurop\u00e9enne ait pris des mesures dans ce domaine, la pression du changement\nclimatique reste un d\u00e9fi majeur. Il faut selon lui instaurer un syst\u00e8me durable\npour faire face \u00e0 ces migrations \u00e0 venir et c\u2019est aussi en ce sens que l\u2019Union\nEurop\u00e9enne a mis en place un pacte sur la migration et l\u2019asile. <\/p>\n\n\n\n<p><em>\u00ab&nbsp;Les\nEurop\u00e9ens sous pression font miracle.&nbsp;\u00bb<\/em><\/p>\n\n\n\n<p>Margar\u00edtis Schin\u00e1s est\nforce de proposition aussi dans le domaine social o\u00f9 il croit fermement en\nl\u2019id\u00e9e d\u2019une Europe de la sant\u00e9. La crise de la Covid-19 a montr\u00e9 que chaque \u00c9tat\na r\u00e9agi de fa\u00e7on isol\u00e9e face \u00e0 la situation sanitaire. Alorsque l\u2019Europe a\nr\u00e9ussi \u00e0 mettre en place <em>\u00ab&nbsp;le plus grand syst\u00e8me de vaccination de\nl\u2019humanit\u00e9&nbsp;\u00bb,<\/em> il finit par conclure que la grande le\u00e7on de la pand\u00e9mie\nest de <em>\u00ab&nbsp;faire plus en faisant ensemble.&nbsp;\u00bb<\/em><\/p>\n","protected":false},"excerpt":{"rendered":"<p>L&rsquo;Agora rencontre Margar\u00edtis Schin\u00e1s Le 28 avril dernier, l\u2019Agora, tribune de l\u2019EDHEC Business School a eu le plaisir d\u2019interviewer le Vice-Pr\u00e9sident de la Commission europ\u00e9enne Margar\u00edtis Schin\u00e1s lors de la derni\u00e8re \u00ab\u00a0Rencontre de L\u2019Agora\u00a0\u00bb de la saison \u00e0 visionner sur les r\u00e9seaux sociaux et disponible en int\u00e9gralit\u00e9 en format podcast sur toutes les plateformes de [&hellip;]<\/p>\n","protected":false},"author":39,"featured_media":0,"comment_status":"closed","ping_status":"closed","sticky":false,"template":"","format":"standard","meta":{"footnotes":""},"categories":[147],"tags":[],"class_list":["post-9376","post","type-post","status-publish","format-standard","hentry","category-les-rencontres-de-lagora"],"_links":{"self":[{"href":"https:\/\/www.lagora-edhec.com\/index.php?rest_route=\/wp\/v2\/posts\/9376","targetHints":{"allow":["GET"]}}],"collection":[{"href":"https:\/\/www.lagora-edhec.com\/index.php?rest_route=\/wp\/v2\/posts"}],"about":[{"href":"https:\/\/www.lagora-edhec.com\/index.php?rest_route=\/wp\/v2\/types\/post"}],"author":[{"embeddable":true,"href":"https:\/\/www.lagora-edhec.com\/index.php?rest_route=\/wp\/v2\/users\/39"}],"replies":[{"embeddable":true,"href":"https:\/\/www.lagora-edhec.com\/index.php?rest_route=%2Fwp%2Fv2%2Fcomments&post=9376"}],"version-history":[{"count":4,"href":"https:\/\/www.lagora-edhec.com\/index.php?rest_route=\/wp\/v2\/posts\/9376\/revisions"}],"predecessor-version":[{"id":9380,"href":"https:\/\/www.lagora-edhec.com\/index.php?rest_route=\/wp\/v2\/posts\/9376\/revisions\/9380"}],"wp:attachment":[{"href":"https:\/\/www.lagora-edhec.com\/index.php?rest_route=%2Fwp%2Fv2%2Fmedia&parent=9376"}],"wp:term":[{"taxonomy":"category","embeddable":true,"href":"https:\/\/www.lagora-edhec.com\/index.php?rest_route=%2Fwp%2Fv2%2Fcategories&post=9376"},{"taxonomy":"post_tag","embeddable":true,"href":"https:\/\/www.lagora-edhec.com\/index.php?rest_route=%2Fwp%2Fv2%2Ftags&post=9376"}],"curies":[{"name":"wp","href":"https:\/\/api.w.org\/{rel}","templated":true}]}}