{"id":72,"date":"2008-11-25T18:30:48","date_gmt":"2008-11-25T16:30:48","guid":{"rendered":"http:\/\/www.lagora-edhec.com\/?p=72"},"modified":"2013-08-18T22:40:43","modified_gmt":"2013-08-18T20:40:43","slug":"armee-francaise-parole-a-la-defense","status":"publish","type":"post","link":"https:\/\/www.lagora-edhec.com\/?p=72","title":{"rendered":"Arm\u00e9e fran\u00e7aise : Parole \u00e0 la D\u00e9fense"},"content":{"rendered":"<p><img fetchpriority=\"high\" decoding=\"async\" width=\"212\" height=\"300\" class=\"alignleft size-medium wp-image-376\" title=\"Jean-Marie Faug\u00e8re\" src=\"wp-content\/images\/2008-11-25-faugere-large-212x300.jpg\" alt=\"Jean-Marie Faug\u00e8re\" srcset=\"https:\/\/www.lagora-edhec.com\/wp-content\/uploads\/2008-11-25-faugere-large-212x300.jpg 212w, https:\/\/www.lagora-edhec.com\/wp-content\/uploads\/2008-11-25-faugere-large.jpg 300w\" sizes=\"(max-width: 212px) 100vw, 212px\" \/>Un invit\u00e9 un peu sp\u00e9cial : le G\u00e9n\u00e9ral Jean-Marie Faug\u00e8re, aujourd&rsquo;hui affect\u00e9 au sein du cabinet du ministre de la D\u00e9fense, M. Morin. Avec lui nous avons abord\u00e9 tous les probl\u00e8mes que conna\u00eet notre d\u00e9fense nationale : perte de 10 soldats fran\u00e7ais en Afghanistan, drame de Carcassonne, livre blanc des arm\u00e9es&#8230; le tout dans une conversation sans langue de bois. Une conf\u00e9rence \u00e0 voir donc.<\/p>\n","protected":false},"excerpt":{"rendered":"<p>Un invit\u00e9 un peu sp\u00e9cial : le G\u00e9n\u00e9ral Jean-Marie Faug\u00e8re, aujourd&rsquo;hui affect\u00e9 au sein du cabinet du ministre de la D\u00e9fense, M. Morin. Avec lui nous avons abord\u00e9 tous les probl\u00e8mes que conna\u00eet notre d\u00e9fense nationale : perte de 10 soldats fran\u00e7ais en Afghanistan, drame de Carcassonne, livre blanc des arm\u00e9es&#8230; le tout dans une [&hellip;]<\/p>\n","protected":false},"author":1,"featured_media":376,"comment_status":"closed","ping_status":"closed","sticky":false,"template":"","format":"standard","meta":{"footnotes":""},"categories":[117,115,3],"tags":[],"class_list":["post-72","post","type-post","status-publish","format-standard","has-post-thumbnail","hentry","category-2008-2009","category-anciennes","category-conferences"],"_links":{"self":[{"href":"https:\/\/www.lagora-edhec.com\/index.php?rest_route=\/wp\/v2\/posts\/72","targetHints":{"allow":["GET"]}}],"collection":[{"href":"https:\/\/www.lagora-edhec.com\/index.php?rest_route=\/wp\/v2\/posts"}],"about":[{"href":"https:\/\/www.lagora-edhec.com\/index.php?rest_route=\/wp\/v2\/types\/post"}],"author":[{"embeddable":true,"href":"https:\/\/www.lagora-edhec.com\/index.php?rest_route=\/wp\/v2\/users\/1"}],"replies":[{"embeddable":true,"href":"https:\/\/www.lagora-edhec.com\/index.php?rest_route=%2Fwp%2Fv2%2Fcomments&post=72"}],"version-history":[{"count":14,"href":"https:\/\/www.lagora-edhec.com\/index.php?rest_route=\/wp\/v2\/posts\/72\/revisions"}],"predecessor-version":[{"id":4065,"href":"https:\/\/www.lagora-edhec.com\/index.php?rest_route=\/wp\/v2\/posts\/72\/revisions\/4065"}],"wp:featuredmedia":[{"embeddable":true,"href":"https:\/\/www.lagora-edhec.com\/index.php?rest_route=\/wp\/v2\/media\/376"}],"wp:attachment":[{"href":"https:\/\/www.lagora-edhec.com\/index.php?rest_route=%2Fwp%2Fv2%2Fmedia&parent=72"}],"wp:term":[{"taxonomy":"category","embeddable":true,"href":"https:\/\/www.lagora-edhec.com\/index.php?rest_route=%2Fwp%2Fv2%2Fcategories&post=72"},{"taxonomy":"post_tag","embeddable":true,"href":"https:\/\/www.lagora-edhec.com\/index.php?rest_route=%2Fwp%2Fv2%2Ftags&post=72"}],"curies":[{"name":"wp","href":"https:\/\/api.w.org\/{rel}","templated":true}]}}