{"id":6537,"date":"2020-11-29T19:20:43","date_gmt":"2020-11-29T17:20:43","guid":{"rendered":"http:\/\/www.lagora-edhec.com\/?p=6537"},"modified":"2020-11-29T19:22:55","modified_gmt":"2020-11-29T17:22:55","slug":"cacophonie-au-gouvernement-face-aux-violences-policieres","status":"publish","type":"post","link":"https:\/\/www.lagora-edhec.com\/?p=6537","title":{"rendered":"Cacophonie au gouvernement face aux violences polici\u00e8res"},"content":{"rendered":"\n<p>Le passage \u00e0 tabac de Michel Zecler par plusieurs policiers le weekend dernier et les images d\u2019\u00e9vacuations muscl\u00e9es de migrants place de La R\u00e9publique mercredi remettent \u00e0 nouveau sur la table la probl\u00e9matique des violences polici\u00e8res. Alors que les parlementaires planchent sur le projet de loi de \u00ab&nbsp;s\u00e9curit\u00e9 globale&nbsp;\u00bb, les membres de la majorit\u00e9 ne parlent plus \u00e0 l\u2019unisson et les tensions politiques grandissent entre le gouvernement et les d\u00e9put\u00e9s.<\/p>\n\n\n\n<p>Jeudi 26 novembre, le Premier\nMinistre Jean Castex propose la mise en place d\u2019une commission ind\u00e9pendante\npour r\u00e9\u00e9crire l\u2019article controvers\u00e9 de la loi de s\u00e9curit\u00e9 globale. <br>\nLe lendemain, Richard Ferrand, Pr\u00e9sident de l\u2019Assembl\u00e9e Nationale, fustige le\nchef du gouvernement de s\u2019immiscer dans le processus parlementaire. Les deux\nhommes font front&nbsp;: derri\u00e8re eux, ce sont deux arm\u00e9es en ordre de\nbataille. Plus tard, Jean Castex rectifie le tir pour apaiser les\ntensions&nbsp;: la commission ne pourra pas modifier l\u2019article de la loi vot\u00e9\nmardi dernier. <\/p>\n\n\n\n<p>Mais les cafouillages se\nr\u00e9pandent comme une tra\u00een\u00e9e de poudre au gouvernement. <br>\nUn peu plus tard, c\u2019est G\u00e9rald Darmanin, Ministre de l\u2019Int\u00e9rieur, qui part au\ncombat. <br>\nFid\u00e8le au poste, il r\u00e9affirme son soutien \u00e0 la police et \u00e0 l\u2019article 24 de la\nloi sur la s\u00e9curit\u00e9 globale. Au gouvernement, certains s\u2019agacent, rappelant que\nl\u2019id\u00e9e de commission ind\u00e9pendante avait \u00e9t\u00e9 initi\u00e9e par la place Beauvau. Avant\nsa prise de parole au JT de France 2, G\u00e9rald Darmanin subit un recadrage du\nPr\u00e9sident pour qu\u2019il d\u00e9livre un message d\u2019apaisement.<\/p>\n\n\n\n<p>Que retenir de tout cela&nbsp;? Un simple cafouillage ou le reflet de fractures politiques plus profondes au sein de la majorit\u00e9&nbsp;? Quoiqu\u2019il en soit, cela donne l\u2019impression d\u2019une certaine d\u00e9sunion qui met en danger la cr\u00e9dibilit\u00e9 du gouvernement. Il semble devoir p\u00e9niblement choisir entre le maintien d\u2019une proposition de loi de long-terme sur la s\u00e9curit\u00e9 globale et une crise de court terme mettant \u00e0 nouveau en lumi\u00e8re des violences polici\u00e8res insupportables.<\/p>\n\n\n\n<p class=\"has-text-align-right\">R\u00e9daction : Alexandrine S\u00e9bastien<br>Relecture : Thomas Blasi et Nicolas Qu\u00e9val<\/p>\n","protected":false},"excerpt":{"rendered":"<p>Le passage \u00e0 tabac de Michel Zecler par plusieurs policiers le weekend dernier et les images d\u2019\u00e9vacuations muscl\u00e9es de migrants place de La R\u00e9publique mercredi remettent \u00e0 nouveau sur la table la probl\u00e9matique des violences polici\u00e8res. Alors que les parlementaires planchent sur le projet de loi de \u00ab&nbsp;s\u00e9curit\u00e9 globale&nbsp;\u00bb, les membres de la majorit\u00e9 ne [&hellip;]<\/p>\n","protected":false},"author":1,"featured_media":0,"comment_status":"closed","ping_status":"closed","sticky":false,"template":"","format":"standard","meta":{"footnotes":""},"categories":[146],"tags":[],"class_list":["post-6537","post","type-post","status-publish","format-standard","hentry","category-agoractu"],"_links":{"self":[{"href":"https:\/\/www.lagora-edhec.com\/index.php?rest_route=\/wp\/v2\/posts\/6537","targetHints":{"allow":["GET"]}}],"collection":[{"href":"https:\/\/www.lagora-edhec.com\/index.php?rest_route=\/wp\/v2\/posts"}],"about":[{"href":"https:\/\/www.lagora-edhec.com\/index.php?rest_route=\/wp\/v2\/types\/post"}],"author":[{"embeddable":true,"href":"https:\/\/www.lagora-edhec.com\/index.php?rest_route=\/wp\/v2\/users\/1"}],"replies":[{"embeddable":true,"href":"https:\/\/www.lagora-edhec.com\/index.php?rest_route=%2Fwp%2Fv2%2Fcomments&post=6537"}],"version-history":[{"count":2,"href":"https:\/\/www.lagora-edhec.com\/index.php?rest_route=\/wp\/v2\/posts\/6537\/revisions"}],"predecessor-version":[{"id":6540,"href":"https:\/\/www.lagora-edhec.com\/index.php?rest_route=\/wp\/v2\/posts\/6537\/revisions\/6540"}],"wp:attachment":[{"href":"https:\/\/www.lagora-edhec.com\/index.php?rest_route=%2Fwp%2Fv2%2Fmedia&parent=6537"}],"wp:term":[{"taxonomy":"category","embeddable":true,"href":"https:\/\/www.lagora-edhec.com\/index.php?rest_route=%2Fwp%2Fv2%2Fcategories&post=6537"},{"taxonomy":"post_tag","embeddable":true,"href":"https:\/\/www.lagora-edhec.com\/index.php?rest_route=%2Fwp%2Fv2%2Ftags&post=6537"}],"curies":[{"name":"wp","href":"https:\/\/api.w.org\/{rel}","templated":true}]}}