{"id":6519,"date":"2020-11-23T09:10:39","date_gmt":"2020-11-23T07:10:39","guid":{"rendered":"http:\/\/www.lagora-edhec.com\/?p=6519"},"modified":"2020-11-23T09:10:39","modified_gmt":"2020-11-23T07:10:39","slug":"faut-il-vraiment-jeter-la-pierre-sur-amazon","status":"publish","type":"post","link":"https:\/\/www.lagora-edhec.com\/?p=6519","title":{"rendered":"Faut-il vraiment jeter la pierre sur Amazon ?"},"content":{"rendered":"\n<p>Nouveau coup de tonnerre pour tous les petits commer\u00e7ants\u00a0! Ils sont les grandes victimes de l\u2019\u00e9pid\u00e9mie\u00a0: bars, caf\u00e9s, restaurants, librairies, magasins de jouets\u2026 Ces commerces dits \u00ab\u00a0non-essentiels\u00a0\u00bb se sont vus contraints de fermer boutique. Alors \u00e0 l\u2019annonce de ce deuxi\u00e8me confinement, la col\u00e8re s\u2019est fatalement exacerb\u00e9e. D\u2019autant plus que pour beaucoup d\u2019entre eux les f\u00eates de fin d\u2019ann\u00e9e sont un crucial. Beaucoup ont appel\u00e9 \u00e0 la mobilisation \u00e0 travers le pays pour montrer \u00e0 l\u2019\u00c9tat et aux fran\u00e7ais leur d\u00e9tresse. Des manifestations ont eu lieu \u00e0 travers toute la France et notamment \u00e0 Toulouse au d\u00e9but du mois o\u00f9 toutes les professions dites \u00ab\u00a0non-essentielles\u00a0\u00bb se sont symboliquement r\u00e9unis en noir pour orchestrer leur enterrement. <\/p>\n\n\n\n<p>La classe politique n&rsquo;aura pas manqu\u00e9 de r\u00e9agir vivement et d&rsquo;accorder comme \u00e0 son habitude son soutien sans faille en ces temps de crise. En ligne de mire\u00a0: Amazon. S\u2019il y en a un pour qui ce confinement est une aubaine, c\u2019est bien le g\u00e9ant de la vente en ligne. Pendant que les petits commer\u00e7ants mettent la clef sous la porte, l\u2019entreprise prosp\u00e8re ! La vente en ligne n\u2019a jamais \u00e9t\u00e9 autant d\u2019actualit\u00e9.<\/p>\n\n\n\n<p>\u00ab\u00a0Stoppez Amazon avant que ce ne soit trop tard\u00a0\u00bb, c\u2019est le nom donn\u00e9 \u00e0 la tribune sign\u00e9e par 120 responsables politiques et syndicats dont Philippe Martinez, Jean-Luc M\u00e9lanchon ou encore Jean Fran\u00e7ois Juillard le directeur de Greenpeace France. Ils exigent que l\u2019\u00c9tat prenne des d\u00e9cisions fortes en mati\u00e8re de taxation envers Amazon. \u00a0Cette taxe permettrait notamment de financer des mesures de pr\u00e9servation de l\u2019emploi et le fonds de solidarit\u00e9 pour les petits commerces. \u00c9galement dans le viseur : l&rsquo;impact environnemental cons\u00e9quent li\u00e9 au transport des produits et l&rsquo;aspect nocif de la consommation effr\u00e9n\u00e9e de ces m\u00eames produits. Pour les signataires de cette tribune, en promouvant la surconsommation et les achats compulsifs, Amazon est devenue une arme de capitalisme massive.<\/p>\n\n\n\n<p>Pourtant s\u2019attaquer \u00e0 Amazon c\u2019est s\u2019attaquer \u00e0 un acteur majeur de notre \u00e9conomie ! Amazon c\u2019est 9 300 emplois en France, 9,2 milliards d\u2019euros d\u2019investissement et c\u2019est surtout le moyen pour 11 000 entreprises fran\u00e7aises de vendre leurs produits. La situation est certes in\u00e9quitable mais doit-on r\u00e9ellement permettre l\u2019ouverture des petits commerces\u00a0? Les mois d\u2019octobre et novembre ont \u00e9t\u00e9 des mois o\u00f9 le virus a fortement circul\u00e9 et a fortement tu\u00e9. Fallait-il que le gouvernement n\u2019agisse pas\u00a0et laisse tout ouvert\u00a0au risque de perdre le contr\u00f4le de l\u2019\u00e9pid\u00e9mie ?<\/p>\n\n\n\n<p>Autre point de discorde entre les diff\u00e9rents protagonistes\u00a0: le Black Friday. Les signataires de la tribune mettaient \u00e9galement en exergue le fait que cette situation de concurrence d\u00e9loyale allait s\u2019accentuer \u00e0 ce moment. Il faut rappeler que le Black Friday a tout de m\u00eame rapport\u00e9 5 milliards d\u2019euros aux commerces physiques en 2019 selon Bercy. Pour mettre fin \u00e0 cette pol\u00e9mique le gouvernement a tranch\u00e9\u00a0: un report du Black Friday au 4 d\u00e9cembre avec l\u2019ouverture des petits commerces. Pour ce qui est de la grande distribution et Amazon, ils ont d\u2019ores et d\u00e9j\u00e0 d\u00e9clar\u00e9 \u00eatre favorable \u00e0 ce report. Mais alors, faut-il bl\u00e2mer Amazon de nous offrir la possibilit\u00e9 d\u2019acheter pl\u00e9thore de produits sur Internet quand on veut et o\u00f9 on veut ? Certes le confinement fait qu\u2019il y a une concurrence d\u00e9loyale entre le commerce en ligne et les boutiques physiques mais peut-on r\u00e9ellement faire autrement pour le moment\u00a0? <\/p>\n\n\n\n<p class=\"has-text-align-right\">R\u00e9daction : Hugo Nicaise et Carmen Schober<br>Relecture : Thomas Blasi<\/p>\n","protected":false},"excerpt":{"rendered":"<p>Nouveau coup de tonnerre pour tous les petits commer\u00e7ants\u00a0! Ils sont les grandes victimes de l\u2019\u00e9pid\u00e9mie\u00a0: bars, caf\u00e9s, restaurants, librairies, magasins de jouets\u2026 Ces commerces dits \u00ab\u00a0non-essentiels\u00a0\u00bb se sont vus contraints de fermer boutique. Alors \u00e0 l\u2019annonce de ce deuxi\u00e8me confinement, la col\u00e8re s\u2019est fatalement exacerb\u00e9e. D\u2019autant plus que pour beaucoup d\u2019entre eux les f\u00eates [&hellip;]<\/p>\n","protected":false},"author":1,"featured_media":0,"comment_status":"closed","ping_status":"closed","sticky":false,"template":"","format":"standard","meta":{"footnotes":""},"categories":[146],"tags":[],"class_list":["post-6519","post","type-post","status-publish","format-standard","hentry","category-agoractu"],"_links":{"self":[{"href":"https:\/\/www.lagora-edhec.com\/index.php?rest_route=\/wp\/v2\/posts\/6519","targetHints":{"allow":["GET"]}}],"collection":[{"href":"https:\/\/www.lagora-edhec.com\/index.php?rest_route=\/wp\/v2\/posts"}],"about":[{"href":"https:\/\/www.lagora-edhec.com\/index.php?rest_route=\/wp\/v2\/types\/post"}],"author":[{"embeddable":true,"href":"https:\/\/www.lagora-edhec.com\/index.php?rest_route=\/wp\/v2\/users\/1"}],"replies":[{"embeddable":true,"href":"https:\/\/www.lagora-edhec.com\/index.php?rest_route=%2Fwp%2Fv2%2Fcomments&post=6519"}],"version-history":[{"count":1,"href":"https:\/\/www.lagora-edhec.com\/index.php?rest_route=\/wp\/v2\/posts\/6519\/revisions"}],"predecessor-version":[{"id":6520,"href":"https:\/\/www.lagora-edhec.com\/index.php?rest_route=\/wp\/v2\/posts\/6519\/revisions\/6520"}],"wp:attachment":[{"href":"https:\/\/www.lagora-edhec.com\/index.php?rest_route=%2Fwp%2Fv2%2Fmedia&parent=6519"}],"wp:term":[{"taxonomy":"category","embeddable":true,"href":"https:\/\/www.lagora-edhec.com\/index.php?rest_route=%2Fwp%2Fv2%2Fcategories&post=6519"},{"taxonomy":"post_tag","embeddable":true,"href":"https:\/\/www.lagora-edhec.com\/index.php?rest_route=%2Fwp%2Fv2%2Ftags&post=6519"}],"curies":[{"name":"wp","href":"https:\/\/api.w.org\/{rel}","templated":true}]}}