{"id":6383,"date":"2020-02-27T13:58:59","date_gmt":"2020-02-27T11:58:59","guid":{"rendered":"http:\/\/www.lagora-edhec.com\/?p=6383"},"modified":"2020-03-05T14:11:15","modified_gmt":"2020-03-05T12:11:15","slug":"lagora-recoit-patrick-pouyanne","status":"publish","type":"post","link":"https:\/\/www.lagora-edhec.com\/?p=6383","title":{"rendered":"L&rsquo;Agora re\u00e7oit Patrick Pouyann\u00e9"},"content":{"rendered":"\n<h3 class=\"has-text-align-center wp-block-heading\"><strong>Le vert, nouvel or noir ? Rencontre avec le PDG de Total, Patrick Pouyann\u00e9.<\/strong><\/h3>\n\n\n\n<p>Pour le PDG de Total, \u00ab il n\u2019y a pas de grand soir \u00bb sur le march\u00e9 de l\u2019\u00e9nergie<\/p>\n\n\n\n<figure class=\"wp-block-image size-large\"><img fetchpriority=\"high\" decoding=\"async\" width=\"5000\" height=\"3333\" src=\"https:\/\/www.lagora-edhec.com\/wp-content\/uploads\/P1070925-5000x3333.jpg\" alt=\"\" class=\"wp-image-6419\" srcset=\"https:\/\/www.lagora-edhec.com\/wp-content\/uploads\/P1070925-5000x3333.jpg 5000w, https:\/\/www.lagora-edhec.com\/wp-content\/uploads\/P1070925-300x200.jpg 300w, https:\/\/www.lagora-edhec.com\/wp-content\/uploads\/P1070925-768x512.jpg 768w, https:\/\/www.lagora-edhec.com\/wp-content\/uploads\/P1070925-1536x1024.jpg 1536w, https:\/\/www.lagora-edhec.com\/wp-content\/uploads\/P1070925-2048x1365.jpg 2048w, https:\/\/www.lagora-edhec.com\/wp-content\/uploads\/P1070925-390x260.jpg 390w, https:\/\/www.lagora-edhec.com\/wp-content\/uploads\/P1070925-520x347.jpg 520w, https:\/\/www.lagora-edhec.com\/wp-content\/uploads\/P1070925-740x493.jpg 740w\" sizes=\"(max-width: 5000px) 100vw, 5000px\" \/><\/figure>\n\n\n\n<p>Polytechnicien et ing\u00e9nieur du Corps des Mines, Patrick Pouyann\u00e9 d\u00e9bute sa carri\u00e8re dans l\u2019administration publique au Minist\u00e8re de l\u2019Industrie. Dans un premier temps, il est conseiller d\u2019\u00c9douard Balladur sur les questions techniques puis directeur de cabinet de Fran\u00e7ois Fillon. Par la suite, il rejoint le secteur priv\u00e9 en 1997 en int\u00e9grant la compagnie ELF, qui sera rachet\u00e9e trois ans plus tard par le groupe Total. Il gravira tous les \u00e9chelons jusqu\u2019\u00e0 devenir PDG de la multinationale en 2015.<\/p>\n\n\n\n<p>A son arriv\u00e9e en 2015, le prix du p\u00e9trole varie : Patrick Pouyann\u00e9 d\u00e9cide alors une r\u00e9duction drastique des co\u00fbts de production pour absorber les fluctuations. Les investissements sont r\u00e9duits et les achats sont d\u00e9sormais centralis\u00e9s pour gagner en efficacit\u00e9. Du c\u00f4t\u00e9 de la branche raffinage, Total s\u2019empare de l\u2019ensemble de la cha\u00eene de valeur pour une meilleure gestion \u00e0 long terme, ce qui a \u00e9t\u00e9 b\u00e9n\u00e9fique puisqu\u2019aujourd\u2019hui, c\u2019est la section la plus rentable du groupe.<\/p>\n\n\n\n<p>Patrick Pouyann\u00e9 nous donne sa vision sur la mise en place la transition \u00e9nerg\u00e9tique. Conscient que la question \u00e9nerg\u00e9tique s\u2019op\u00e8re \u00e0 un \u00ab niveau global \u00bb, il met l\u2019accent sur le r\u00f4le de l\u2019Inde et de la Chine, sans qui un changement mondial ne serait pas possible. Sachant que le PDG de Total se f\u00e9licite du fait que ces deux pays ont commenc\u00e9 \u00e0 s\u2019emparer s\u00e9rieusement des probl\u00e8mes que cause la pollution urbaine.<\/p>\n\n\n\n<p>Pour autant, il n\u2019a pas de doutes sur le fait que \u00ab les march\u00e9s de l\u2019\u00e9nergie vont \u00e9voluer \u00bb. Total a dans cette optique r\u00e9alis\u00e9 plusieurs investissements sp\u00e9cifiques, comme par exemple dans le gaz naturel liqu\u00e9fi\u00e9 qui est une ressource \u00e9nerg\u00e9tique d\u2019avenir.<\/p>\n\n\n\n<p>Patrick Pouyann\u00e9 parle aussi de la s\u00e9curit\u00e9 des collaborateurs Total. Le groupe est implant\u00e9 dans de nombreux pays, pas toujours tr\u00e8s s\u00fbrs. Patrick Pouyann\u00e9 explique que la s\u00e9curit\u00e9 est une priorit\u00e9 pour le groupe. Ainsi, les questions g\u00e9opolitiques sont au c\u0153ur de son travail de PDG et le groupe s\u2019implante donc \u00ab l\u00e0 o\u00f9 les conditions le permettent \u00bb.<\/p>\n\n\n\n<p>Enfin, selon le PDG de Total, \u00ab il n\u2019y a pas de grand soir \u00bb. Il consid\u00e8re que le monde ne peut pas, du jour au lendemain, se passer du p\u00e9trole. C\u2019est bien parce qu\u2019il y a une demande de p\u00e9trole qu\u2019il y a production de p\u00e9trole, malgr\u00e9 les m\u00e9contentements \u00e9mis par les jeunes qui manifestent dans la rue, avec, \u00e0 leur t\u00eate, la jeune Greta Thunberg.<\/p>\n","protected":false},"excerpt":{"rendered":"<p>Le vert, nouvel or noir ? Rencontre avec le PDG de Total, Patrick Pouyann\u00e9. Pour le PDG de Total, \u00ab il n\u2019y a pas de grand soir \u00bb sur le march\u00e9 de l\u2019\u00e9nergie Polytechnicien et ing\u00e9nieur du Corps des Mines, Patrick Pouyann\u00e9 d\u00e9bute sa carri\u00e8re dans l\u2019administration publique au Minist\u00e8re de l\u2019Industrie. Dans un premier [&hellip;]<\/p>\n","protected":false},"author":1,"featured_media":0,"comment_status":"closed","ping_status":"closed","sticky":false,"template":"","format":"standard","meta":{"footnotes":""},"categories":[3],"tags":[],"class_list":["post-6383","post","type-post","status-publish","format-standard","hentry","category-conferences"],"_links":{"self":[{"href":"https:\/\/www.lagora-edhec.com\/index.php?rest_route=\/wp\/v2\/posts\/6383","targetHints":{"allow":["GET"]}}],"collection":[{"href":"https:\/\/www.lagora-edhec.com\/index.php?rest_route=\/wp\/v2\/posts"}],"about":[{"href":"https:\/\/www.lagora-edhec.com\/index.php?rest_route=\/wp\/v2\/types\/post"}],"author":[{"embeddable":true,"href":"https:\/\/www.lagora-edhec.com\/index.php?rest_route=\/wp\/v2\/users\/1"}],"replies":[{"embeddable":true,"href":"https:\/\/www.lagora-edhec.com\/index.php?rest_route=%2Fwp%2Fv2%2Fcomments&post=6383"}],"version-history":[{"count":2,"href":"https:\/\/www.lagora-edhec.com\/index.php?rest_route=\/wp\/v2\/posts\/6383\/revisions"}],"predecessor-version":[{"id":6420,"href":"https:\/\/www.lagora-edhec.com\/index.php?rest_route=\/wp\/v2\/posts\/6383\/revisions\/6420"}],"wp:attachment":[{"href":"https:\/\/www.lagora-edhec.com\/index.php?rest_route=%2Fwp%2Fv2%2Fmedia&parent=6383"}],"wp:term":[{"taxonomy":"category","embeddable":true,"href":"https:\/\/www.lagora-edhec.com\/index.php?rest_route=%2Fwp%2Fv2%2Fcategories&post=6383"},{"taxonomy":"post_tag","embeddable":true,"href":"https:\/\/www.lagora-edhec.com\/index.php?rest_route=%2Fwp%2Fv2%2Ftags&post=6383"}],"curies":[{"name":"wp","href":"https:\/\/api.w.org\/{rel}","templated":true}]}}