{"id":6379,"date":"2020-02-27T13:46:53","date_gmt":"2020-02-27T11:46:53","guid":{"rendered":"http:\/\/www.lagora-edhec.com\/?p=6379"},"modified":"2020-03-05T13:53:12","modified_gmt":"2020-03-05T11:53:12","slug":"lagora-recoit-jean-michel-fauvergue","status":"publish","type":"post","link":"https:\/\/www.lagora-edhec.com\/?p=6379","title":{"rendered":"L&rsquo;Agora re\u00e7oit Jean-Michel Fauvergue"},"content":{"rendered":"\n<h3 class=\"has-text-align-center wp-block-heading\"><strong>Jean-Michel Fauvergue : Servir sans faillir<\/strong><\/h3>\n\n\n\n<figure class=\"wp-block-image size-large\"><img fetchpriority=\"high\" decoding=\"async\" width=\"5000\" height=\"3333\" src=\"https:\/\/www.lagora-edhec.com\/wp-content\/uploads\/P1070682-5000x3333.jpg\" alt=\"\" class=\"wp-image-6411\" srcset=\"https:\/\/www.lagora-edhec.com\/wp-content\/uploads\/P1070682-5000x3333.jpg 5000w, https:\/\/www.lagora-edhec.com\/wp-content\/uploads\/P1070682-300x200.jpg 300w, https:\/\/www.lagora-edhec.com\/wp-content\/uploads\/P1070682-768x512.jpg 768w, https:\/\/www.lagora-edhec.com\/wp-content\/uploads\/P1070682-1536x1024.jpg 1536w, https:\/\/www.lagora-edhec.com\/wp-content\/uploads\/P1070682-2048x1365.jpg 2048w, https:\/\/www.lagora-edhec.com\/wp-content\/uploads\/P1070682-390x260.jpg 390w, https:\/\/www.lagora-edhec.com\/wp-content\/uploads\/P1070682-520x347.jpg 520w, https:\/\/www.lagora-edhec.com\/wp-content\/uploads\/P1070682-740x493.jpg 740w\" sizes=\"(max-width: 5000px) 100vw, 5000px\" \/><\/figure>\n\n\n\n<p>Le 28 janvier 2020, l\u2019Agora recevait \u00e0 sa tribune Jean-Michel Fauvergue pour une conf\u00e9rence sur le th\u00e8me : \u00ab Servir sans faillir. \u00bb Jean-Michel Fauvergue, ancien patron du RAID et actuel d\u00e9put\u00e9 En Marche, se livre \u00e0 un amphith\u00e9\u00e2tre captiv\u00e9 et proc\u00e8de \u00e0 un r\u00e9cit aussi fascinant qu\u2019effroyable de la vague d\u2019attentats subis par la France, et de ses cons\u00e9quences pass\u00e9es comme pr\u00e9sentes.<\/p>\n\n\n\n<p class=\"has-text-align-center\"><em><strong>\u00ab On sait qu\u2019il ne se rendra pas. \u00bb<\/strong><\/em><\/p>\n\n\n\n<p>En France, le terrorisme moderne d\u00e9bute avec la guerre d\u2019Alg\u00e9rie. Mais aujourd\u2019hui, une mutation funeste de ce terrorisme change les r\u00e8gles du jeu : le terroriste radicalis\u00e9 recherche maintenant activement la mort. Mohammed Merah s\u2019attaqua \u00e0 des militaires puis ex\u00e9cuta de jeunes enfants d\u2019origine juive. Il n\u2019avait qu\u2019un seul but et une seule fin en t\u00eate : s\u2019attaquer \u00e0 des cibles ch\u00e8res \u00e0 l\u2019imaginaire national fran\u00e7ais, et mourir les armes \u00e0 la main. \u00c0 partir de l\u00e0, il n\u2019est plus envisageable de n\u00e9gocier. La seule solution devient le contact. Et chaque moment perdu est un moment que le terroriste peut utiliser pour pr\u00e9parer des explosifs, se reposer ou tuer des otages.<\/p>\n\n\n\n<p class=\"has-text-align-center\"><em><strong>\u00ab On fait d\u00e9j\u00e0 beaucoup. Mais ce n\u2019est pas assez. \u00bb<\/strong><\/em><\/p>\n\n\n\n<p>Le RAID, unit\u00e9 d\u2019\u00e9lite de la police, n\u2019intervient pas que dans le cadre de la lutte contre le terrorisme : en 2016, sur 400 interventions, 187 \u00e9taient contre des terroristes. Les missions du RAID se recoupent avec celles d\u2019autres unit\u00e9s d\u2019\u00e9lites, notamment la BRI et le GIGN. C\u2019est l\u00e0 qu\u2019un probl\u00e8me survient : l\u2019affectation de plusieurs unit\u00e9s \u00e0 une m\u00eame mission cr\u00e9e des redondances de postes au niveau de la hi\u00e9rarchie. Cela entraine des pertes d\u2019efficacit\u00e9 ainsi que l\u2019instauration d\u2019un climat de comp\u00e9tition qui nuit \u00e0 la poursuite de l\u2019objectif final de ces unit\u00e9s : la s\u00e9curit\u00e9 des Fran\u00e7ais. Par exemple, lors de l\u2019assaut du Bataclan, J.M. Fauvergue n\u2019\u00e9tait pas en position FIPN, c\u2019est-\u00e0-dire qu\u2019il n\u2019\u00e9tait \u00e0 la t\u00eate des trois unit\u00e9s. La coop\u00e9ration entre le RAID et la BRI n\u2019\u00e9tait effective que parce que leurs commandants respectifs s\u2019entendaient bien. Inacceptable pour Fauvergue qui souhaite la cr\u00e9ation de v\u00e9ritables processus de coop\u00e9ration.<\/p>\n\n\n\n<p>Pour lui, la seule solution est l\u2019entr\u00e9e dans le XXIe si\u00e8cle de ces unit\u00e9s. M\u00eame si l\u2019on en est encore loin, il milite pour cette transformation profonde. En effet, aux c\u00f4t\u00e9s de Alice Thourot, il \u00e9tablit un livre blanc et r\u00e9dige la proposition Thourot-Fauvergue pr\u00e9conisant 76 mesures. L\u2019id\u00e9e \u00e9tant que l\u2019\u00c9tat ne peut plus tout faire, il faut donc utiliser tous les moyens disponibles, services publics et priv\u00e9s, pour assurer un lin\u00e9aire de s\u00e9curit\u00e9. Le nouvel enjeu est aussi celui du local : chaque endroit ayant ses particularit\u00e9s, produire de la s\u00e9curit\u00e9 \u00e0 Roubaix ne se fait pas de la m\u00eame mani\u00e8re qu\u2019\u00e0 Paris. Il pr\u00e9conise donc une police de s\u00e9curit\u00e9 du quotidien, aussi appel\u00e9e police de voisinage. D\u2019ailleurs, cr\u00e9er cette nouvelle police ne passe pas par l\u2019embauche de nouveaux policiers : la France fait partie des pays les mieux dot\u00e9s en forces de s\u00e9curit\u00e9 int\u00e9rieure. Augmenter le budget est inutile, il faut repenser le d\u00e9ploiement des unit\u00e9s.<\/p>\n\n\n\n<p>Jean-Michel Fauvergue reste convaincu qu\u2019il n\u2019y a jamais eu de \u00ab forme d\u2019euphorie de la population fran\u00e7aise pour sa police ou gendarmerie \u00bb notamment dans le contexte de bavures polici\u00e8res lors des manifestations de Gilets Jaunes, expliqu\u00e9es en partie par le rythme de travail infernal subi par nos forces de l\u2019ordre. Et l\u2019enjeu de la visibilit\u00e9, dont le manque est souvent reproch\u00e9, n\u2019arrange rien. Ce manque s\u2019explique par une contrainte de moyens humains : pour avoir 10 policiers constamment sur le terrain, donc visibles, il faut en embaucher 70. Repenser le d\u00e9ploiement et l\u2019organisation des unit\u00e9s est par cons\u00e9quent primordial.<\/p>\n\n\n\n<p class=\"has-text-align-center\"><em><strong>\u00ab Ils sont partis l\u00e0-bas, qu\u2019ils restent l\u00e0-bas.<br> Et surtout qu\u2019ils ne reviennent pas en France. \u00bb<\/strong><\/em><\/p>\n\n\n\n<p>Cette r\u00e9action spontan\u00e9e, en parlant des Fran\u00e7ais partis faire le djihad au Moyen-Orient, et risquant la peine de mort s\u2019ils ne sont pas extrad\u00e9s, est dure. Face \u00e0 la fermet\u00e9 de la r\u00e9ponse et au silence pesant qui s\u2019ensuivit, la salle ressentit tout le poids reposant sur les \u00e9paules de Jean-Michel Fauvergue, ancien patron du RAID. M\u00eame si beaucoup peuvent critiquer cette d\u00e9claration, et le feront s\u00fbrement, quelle cl\u00e9mence peut-on attendre d\u2019un homme qui eut \u00e0 parcourir des mares de sangs et \u00e0 se d\u00e9placer entre les cadavres des citoyens qu\u2019il avait jur\u00e9 de prot\u00e9ger au p\u00e9ril de sa vie ? Jean-Michel Fauvergue a vu de ses propres yeux, a senti et ressenti l\u2019horreur des attentats de la mani\u00e8re la plus tangible qu\u2019il soit. Et pourtant, Fauvergue, en d\u00e9clarant ces quelques mots, se tenait droit, comme anim\u00e9 par une force irr\u00e9elle. Ce qui anime un policier, c\u2019est la protection des citoyens fran\u00e7ais, de la R\u00e9publique fran\u00e7aise et de ses valeurs. C\u2019est l\u2019envie de servir la population. C\u2019est \u00eatre le dernier rempart de la R\u00e9publique dans cette bataille sanglante des valeurs. En ces quelques secondes, qui ont sembl\u00e9 \u00eatre des minutes, l\u2019amphith\u00e9\u00e2tre de l\u2019EDHEC a aper\u00e7u le visage d\u00e9voil\u00e9 d\u2019un patron du RAID, le visage d\u2019un h\u00e9ros de la R\u00e9publique.<\/p>\n\n\n\n<p class=\"has-text-align-center\"><em><strong>\u00ab La France est devenue une fabrique \u00e0 terroristes radicalis\u00e9s. \u00bb<\/strong><\/em><\/p>\n\n\n\n<p>M\u00eame si Fauvergue est convaincu que la lutte contre le terrorisme \u00e0 l\u2019ext\u00e9rieur des fronti\u00e8res fran\u00e7aises est essentielle, il met en garde qu\u2019une grande partie du probl\u00e8me provient aussi de l\u2019hexagone, et notamment des multiples l\u00e2chet\u00e9s non seulement des politiques, mais d\u2019une population enti\u00e8re. De l\u2019endoctrinement en prison \u00e0 la peste du communautarisme, ce n\u2019est pas seulement les forces de l\u2019ordre qui vont devoir redoubler d\u2019effort, mais aussi et surtout l\u2019ensemble de la population fran\u00e7aise. Ce n\u2019est plus le moment de perdre du terrain, mais \u00ab de [le] regagner \u00bb.<\/p>\n\n\n\n<p class=\"has-text-align-center\"><em><strong>\u00ab L\u2019humain, l\u2019humain, l\u2019humain ! \u00bb<\/strong><\/em><\/p>\n\n\n\n<p>C\u2019est peut-\u00eatre en voyant tant de morts que Jean-Michel Fauvergue semble si profond\u00e9ment convaincu que la richesse de notre monde se trouve dans la vie, et dans l\u2019humain. Alors que notre monde devient toujours plus connect\u00e9 et d\u00e9mat\u00e9rialis\u00e9, Fauvergue appelle l\u2019auditoire \u00e0 ne jamais perdre de vue que l\u2019humain est ce que l\u2019humain a de plus pr\u00e9cieux : dans ce plaidoyer autant destin\u00e9 aux futurs managers qu\u2019\u00e0 la jeunesse, Fauvergue avait \u00e0 c\u0153ur d\u2019enseigner cette le\u00e7on de vie.<\/p>\n\n\n\n<p class=\"has-text-align-center\"><em><strong>\u00ab N\u2019aie pas peur, le RAID va venir nous sauver. \u00bb<\/strong><\/em><\/p>\n\n\n\n<p>Jean-Michel Fauvergue nous laisse sur un r\u00e9cit inspirant et \u00e9mouvant. Un an apr\u00e8s le massacre du Bataclan, il \u00e9tait retourn\u00e9 sur place. En arrivant, une jeune fille en pleurs l\u2019attendait. Elle n\u2019attendait que lui : lors du massacre, sa seule lueur d\u2019espoir r\u00e9sidait dans la croyance que le RAID viendrait la sauver. Dans ce souvenir, Fauvergue trouve du sens au d\u00e9vouement de son unit\u00e9, et aussi par id\u00e9alisme, la force de la R\u00e9publique et la beaut\u00e9 de la France.<\/p>\n","protected":false},"excerpt":{"rendered":"<p>Jean-Michel Fauvergue : Servir sans faillir Le 28 janvier 2020, l\u2019Agora recevait \u00e0 sa tribune Jean-Michel Fauvergue pour une conf\u00e9rence sur le th\u00e8me : \u00ab Servir sans faillir. \u00bb Jean-Michel Fauvergue, ancien patron du RAID et actuel d\u00e9put\u00e9 En Marche, se livre \u00e0 un amphith\u00e9\u00e2tre captiv\u00e9 et proc\u00e8de \u00e0 un r\u00e9cit aussi fascinant qu\u2019effroyable de [&hellip;]<\/p>\n","protected":false},"author":1,"featured_media":0,"comment_status":"closed","ping_status":"closed","sticky":false,"template":"","format":"standard","meta":{"footnotes":""},"categories":[3],"tags":[],"class_list":["post-6379","post","type-post","status-publish","format-standard","hentry","category-conferences"],"_links":{"self":[{"href":"https:\/\/www.lagora-edhec.com\/index.php?rest_route=\/wp\/v2\/posts\/6379","targetHints":{"allow":["GET"]}}],"collection":[{"href":"https:\/\/www.lagora-edhec.com\/index.php?rest_route=\/wp\/v2\/posts"}],"about":[{"href":"https:\/\/www.lagora-edhec.com\/index.php?rest_route=\/wp\/v2\/types\/post"}],"author":[{"embeddable":true,"href":"https:\/\/www.lagora-edhec.com\/index.php?rest_route=\/wp\/v2\/users\/1"}],"replies":[{"embeddable":true,"href":"https:\/\/www.lagora-edhec.com\/index.php?rest_route=%2Fwp%2Fv2%2Fcomments&post=6379"}],"version-history":[{"count":3,"href":"https:\/\/www.lagora-edhec.com\/index.php?rest_route=\/wp\/v2\/posts\/6379\/revisions"}],"predecessor-version":[{"id":6412,"href":"https:\/\/www.lagora-edhec.com\/index.php?rest_route=\/wp\/v2\/posts\/6379\/revisions\/6412"}],"wp:attachment":[{"href":"https:\/\/www.lagora-edhec.com\/index.php?rest_route=%2Fwp%2Fv2%2Fmedia&parent=6379"}],"wp:term":[{"taxonomy":"category","embeddable":true,"href":"https:\/\/www.lagora-edhec.com\/index.php?rest_route=%2Fwp%2Fv2%2Fcategories&post=6379"},{"taxonomy":"post_tag","embeddable":true,"href":"https:\/\/www.lagora-edhec.com\/index.php?rest_route=%2Fwp%2Fv2%2Ftags&post=6379"}],"curies":[{"name":"wp","href":"https:\/\/api.w.org\/{rel}","templated":true}]}}