{"id":6367,"date":"2020-01-24T09:26:31","date_gmt":"2020-01-24T07:26:31","guid":{"rendered":"http:\/\/www.lagora-edhec.com\/?p=6367"},"modified":"2020-03-05T14:01:07","modified_gmt":"2020-03-05T12:01:07","slug":"lagora-recoit-thomas-gomart","status":"publish","type":"post","link":"https:\/\/www.lagora-edhec.com\/?p=6367","title":{"rendered":"L&rsquo;Agora re\u00e7oit Thomas Gomart"},"content":{"rendered":"\n<h3 class=\"has-text-align-center wp-block-heading\"><strong>Le nouveau d\u00e9sordre mondial<\/strong> <\/h3>\n\n\n\n<p>Le 20 janvier 2020, l\u2019Agora recevait \u00e0 sa tribune Thomas Gomart pour une conf\u00e9rence ayant pour th\u00e8me : \u00ab Le nouveau d\u00e9sordre mondial \u00bb. Le directeur de l\u2019Institut Fran\u00e7ais des Relations Internationales (IFRI) nous a livr\u00e9 une analyse d\u00e9taill\u00e9e et soutenue par une perspective historique des mutations des rapports de force internationaux et de l\u2019\u00e9mergence des nouveaux enjeux g\u00e9opolitiques. <\/p>\n\n\n\n<figure class=\"wp-block-image size-large\"><img fetchpriority=\"high\" decoding=\"async\" width=\"5000\" height=\"3333\" src=\"https:\/\/www.lagora-edhec.com\/wp-content\/uploads\/P1070332-5000x3333.jpg\" alt=\"\" class=\"wp-image-6372\" srcset=\"https:\/\/www.lagora-edhec.com\/wp-content\/uploads\/P1070332-5000x3333.jpg 5000w, https:\/\/www.lagora-edhec.com\/wp-content\/uploads\/P1070332-300x200.jpg 300w, https:\/\/www.lagora-edhec.com\/wp-content\/uploads\/P1070332-768x512.jpg 768w, https:\/\/www.lagora-edhec.com\/wp-content\/uploads\/P1070332-1536x1024.jpg 1536w, https:\/\/www.lagora-edhec.com\/wp-content\/uploads\/P1070332-2048x1365.jpg 2048w, https:\/\/www.lagora-edhec.com\/wp-content\/uploads\/P1070332-390x260.jpg 390w, https:\/\/www.lagora-edhec.com\/wp-content\/uploads\/P1070332-520x347.jpg 520w, https:\/\/www.lagora-edhec.com\/wp-content\/uploads\/P1070332-740x493.jpg 740w\" sizes=\"(max-width: 5000px) 100vw, 5000px\" \/><\/figure>\n\n\n\n<h4 class=\"wp-block-heading\"><strong>\u00ab L\u2019affolement du monde \u00bb <\/strong><\/h4>\n\n\n\n<p>Si Thomas Gomart a d\u00e9cid\u00e9 de consacrer un livre au tournant in\u00e9dit que prennent les relations internationales, c\u2019est pr\u00e9cis\u00e9ment pour ne pas perdre le contr\u00f4le d\u2019un monde toujours plus incertain. Loin du pessimisme, il s\u2019agit avant tout de r\u00e9fl\u00e9chir sur les bouleversements politiques \u00e0 l\u2019\u0153uvre sur les diff\u00e9rents continents. En effet, la mont\u00e9e du nationalisme, incarn\u00e9 par le Brexit et l\u2019\u00e9lection de Donald Trump en 2016, est un des sympt\u00f4mes de ce nouveau d\u00e9sordre mondial pour l\u2019historien. Cette mont\u00e9e du populisme aurait une origine territoriale : l\u2019effacement progressif des nations au profit d\u2019une toute puissance des multinationales alimente l\u2019insatisfaction populaire et le d\u00e9sir d\u2019une intervention plus aboutie de l\u2019\u00c9tat, symbolis\u00e9e en France par le mouvement des Gilets Jaunes. <\/p>\n\n\n\n<p>Dans un tel contexte, la diplomatie est plus que jamais menac\u00e9e. La rapidit\u00e9 avec laquelle s\u2019expriment d\u00e9sormais les leaders mondiaux, via les r\u00e9seaux sociaux, irait au-del\u00e0 du \u00ab softpower \u00bb et aurait des cons\u00e9quences non-n\u00e9gligeables pour les nations selon Gomart, comme l\u2019illustre la guerre commerciale sino-am\u00e9ricaine. Alors m\u00eame que le secret diplomatique est n\u00e9cessaire, celui-ci est de plus en plus remis en cause. Plus qu\u2019une question de communication, la personnification d\u2019une puissance \u00e9tatique souveraine autour d\u2019un homme fort semble \u00e0 la mode. De la Russie jusqu\u2019au Br\u00e9sil en passant par la Turquie, la dichotomie grandissante entre des leaders autoritaires et les d\u00e9cideurs occidentaux rend la coop\u00e9ration et le consensus inter\u00e9tatique sur des th\u00e8mes cl\u00e9s d\u2019autant plus difficile. Il s\u2019agirait alors de passer outre ces divergences de temp\u00e9raments afin d\u2019\u00e9viter de basculer vers l\u2019unilat\u00e9ralisme ou de subir une immobilit\u00e9 d\u00e9cisionnelle semblable \u00e0 celle que conna\u00eet actuellement l\u2019Union Europ\u00e9enne. <\/p>\n\n\n\n<h4 class=\"wp-block-heading\"><strong>La r\u00e9surgence russe <\/strong><\/h4>\n\n\n\n<p>D\u00e8s les ann\u00e9es 2000, la Russie est apparue comme un pays prometteur \u00e9conomiquement mais l\u2019arriv\u00e9e au pouvoir de Vladimir Poutine et sa volont\u00e9 de laver l\u2019affront de la Guerre Froide ont certainement \u00e9t\u00e9 sous-estim\u00e9s explique le directeur de l\u2019IFRI. Une telle ambition peut d\u2019ailleurs expliquer l\u2019omnipr\u00e9sence militaire russe et ses diverses interventions strat\u00e9giques au MoyenOrient. N\u00e9anmoins, en d\u00e9pit d\u2019une strat\u00e9gie de d\u00e9sinformation av\u00e9r\u00e9e, Gomart insiste sur le fait, en prenant l\u2019exemple des derni\u00e8res \u00e9lections pr\u00e9sidentielles am\u00e9ricaines, que l\u2019ing\u00e9rence russe <br>\nsur les divers continents ne peut \u00eatre d\u00e9sign\u00e9e comme seule responsable des tournants sociologiques \u00e0 l\u2019\u0153uvre ni \u00eatre exag\u00e9r\u00e9e.  <\/p>\n\n\n\n<p class=\"has-text-align-center\"><em><strong>\u00ab La Russie n\u2019est jamais aussi faible qu\u2019elle le pr\u00e9tend mais jamais aussi forte qu\u2019elle n\u2019en a l\u2019air \u00bb<\/strong> <\/em> <\/p>\n\n\n\n<p>Si ce pays est souvent au centre de nos pr\u00e9occupations, c\u2019est surtout en raison de la relation particuli\u00e8re qui lie historiquement cette puissance au Royaume-Uni, aux \u00c9tats-Unis et \u00e0 la France depuis la Seconde Guerre Mondiale. En p\u00e9riode de crise politique et morale in\u00e9dite, il est naturel de se m\u00e9fier d\u2019un tel r\u00e9gime lorsque l\u2019id\u00e9al d\u00e9mocratique semble contest\u00e9. Le fait que ce pays demeure peu \u00e9tudi\u00e9 explique \u00e9galement pourquoi il fascine autant qu\u2019il intrigue. <\/p>\n\n\n\n<h4 class=\"wp-block-heading\"><strong>La g\u00e9ostrat\u00e9gie comme point d\u2019orgue <\/strong><\/h4>\n\n\n\n<p>Les espaces communs ne font pas exception aux changements g\u00e9opolitiques en cours. Aussi, tous les moyens sont bons pour exploiter au mieux la terre, la haute mer mais aussi l\u2019espace y compris la privatisation, \u00e0 l\u2019instar de l\u2019entreprise am\u00e9ricaine Space X que Gomart consid\u00e8re comme un investissement f\u00e9d\u00e9ral d\u00e9guis\u00e9. <\/p>\n\n\n\n<p class=\"has-text-align-center\"><strong><em>\u00ab La mondialisation est avant tout une maritimisation \u00bb<\/em> <\/strong><\/p>\n\n\n\n<p>Mais la tendance actuelle \u00e0 la remilitarisation ne peut \u00eatre dissoci\u00e9e des enjeux commerciaux li\u00e9s \u00e0 la mondialisation. C\u2019est que la ma\u00eetrise des espaces maritimes et la facult\u00e9 \u00e0 se projeter rapidement dans diff\u00e9rentes zones strat\u00e9giques du monde apparaissent aujourd\u2019hui au c\u0153ur des ambitions nationales : annexion de la Crim\u00e9e par la Russie, d\u00e9ploiement des nouvelles routes de la soie par la Chine\u2026 D\u00e8s lors, ce contexte fragilise des alliances militaires historiques qui ne font d\u00e9sormais plus l\u2019unanimit\u00e9. Gomart \u00e9voque notamment  les \u00ab free-riders \u00bb de l\u2019OTAN et explique que les sanctions \u00e9conomiques am\u00e9ricaines peuvent \u00eatre interpr\u00e9t\u00e9es comme le prix \u00e0 payer pour jouir d\u2019une protection militaire. Bien qu\u2019une action unilat\u00e9rale demeure possible, l\u2019historien rappelle qu\u2019en cas d\u2019intervention militaire, c\u2019est la totalit\u00e9 d\u2019une g\u00e9n\u00e9ration qui est touch\u00e9e. D\u00e8s lors, il importe d\u2019\u00e9viter toute r\u00e9action h\u00e2tive face \u00e0 des questions sensibles, telle que le dossier iranien, afin de ne pas c\u00e9der d\u00e9finitivement \u00e0 la panique.<\/p>\n","protected":false},"excerpt":{"rendered":"<p>Le nouveau d\u00e9sordre mondial Le 20 janvier 2020, l\u2019Agora recevait \u00e0 sa tribune Thomas Gomart pour une conf\u00e9rence ayant pour th\u00e8me : \u00ab Le nouveau d\u00e9sordre mondial \u00bb. Le directeur de l\u2019Institut Fran\u00e7ais des Relations Internationales (IFRI) nous a livr\u00e9 une analyse d\u00e9taill\u00e9e et soutenue par une perspective historique des mutations des rapports de force [&hellip;]<\/p>\n","protected":false},"author":1,"featured_media":0,"comment_status":"closed","ping_status":"closed","sticky":false,"template":"","format":"standard","meta":{"footnotes":""},"categories":[3],"tags":[],"class_list":["post-6367","post","type-post","status-publish","format-standard","hentry","category-conferences"],"_links":{"self":[{"href":"https:\/\/www.lagora-edhec.com\/index.php?rest_route=\/wp\/v2\/posts\/6367","targetHints":{"allow":["GET"]}}],"collection":[{"href":"https:\/\/www.lagora-edhec.com\/index.php?rest_route=\/wp\/v2\/posts"}],"about":[{"href":"https:\/\/www.lagora-edhec.com\/index.php?rest_route=\/wp\/v2\/types\/post"}],"author":[{"embeddable":true,"href":"https:\/\/www.lagora-edhec.com\/index.php?rest_route=\/wp\/v2\/users\/1"}],"replies":[{"embeddable":true,"href":"https:\/\/www.lagora-edhec.com\/index.php?rest_route=%2Fwp%2Fv2%2Fcomments&post=6367"}],"version-history":[{"count":6,"href":"https:\/\/www.lagora-edhec.com\/index.php?rest_route=\/wp\/v2\/posts\/6367\/revisions"}],"predecessor-version":[{"id":6418,"href":"https:\/\/www.lagora-edhec.com\/index.php?rest_route=\/wp\/v2\/posts\/6367\/revisions\/6418"}],"wp:attachment":[{"href":"https:\/\/www.lagora-edhec.com\/index.php?rest_route=%2Fwp%2Fv2%2Fmedia&parent=6367"}],"wp:term":[{"taxonomy":"category","embeddable":true,"href":"https:\/\/www.lagora-edhec.com\/index.php?rest_route=%2Fwp%2Fv2%2Fcategories&post=6367"},{"taxonomy":"post_tag","embeddable":true,"href":"https:\/\/www.lagora-edhec.com\/index.php?rest_route=%2Fwp%2Fv2%2Ftags&post=6367"}],"curies":[{"name":"wp","href":"https:\/\/api.w.org\/{rel}","templated":true}]}}