{"id":6356,"date":"2020-01-12T15:51:25","date_gmt":"2020-01-12T13:51:25","guid":{"rendered":"http:\/\/www.lagora-edhec.com\/?p=6356"},"modified":"2020-03-05T13:59:53","modified_gmt":"2020-03-05T11:59:53","slug":"lagora-recoit-gaspard-gantzer","status":"publish","type":"post","link":"https:\/\/www.lagora-edhec.com\/?p=6356","title":{"rendered":"L&rsquo;Agora re\u00e7oit Gaspard Gantzer"},"content":{"rendered":"\n<h3 class=\"has-text-align-center wp-block-heading\"><strong>Le pari Gantzer : de l&rsquo;ombre \u00e0 la ville lumi\u00e8re<\/strong><\/h3>\n\n\n\n<figure class=\"wp-block-image size-large\"><img fetchpriority=\"high\" decoding=\"async\" width=\"5000\" height=\"3333\" src=\"https:\/\/www.lagora-edhec.com\/wp-content\/uploads\/P1070039-5000x3333.jpg\" alt=\"\" class=\"wp-image-6355\" srcset=\"https:\/\/www.lagora-edhec.com\/wp-content\/uploads\/P1070039-5000x3333.jpg 5000w, https:\/\/www.lagora-edhec.com\/wp-content\/uploads\/P1070039-300x200.jpg 300w, https:\/\/www.lagora-edhec.com\/wp-content\/uploads\/P1070039-768x512.jpg 768w, https:\/\/www.lagora-edhec.com\/wp-content\/uploads\/P1070039-1536x1024.jpg 1536w, https:\/\/www.lagora-edhec.com\/wp-content\/uploads\/P1070039-2048x1365.jpg 2048w, https:\/\/www.lagora-edhec.com\/wp-content\/uploads\/P1070039-390x260.jpg 390w, https:\/\/www.lagora-edhec.com\/wp-content\/uploads\/P1070039-520x347.jpg 520w, https:\/\/www.lagora-edhec.com\/wp-content\/uploads\/P1070039-740x493.jpg 740w\" sizes=\"(max-width: 5000px) 100vw, 5000px\" \/><\/figure>\n\n\n\n<p>Le 08 janvier 2020, l\u2019Agora recevait \u00e0 sa tribune Gaspard Gantzer pour une conf\u00e9rence sur le th\u00e8me : \u00ab Le Pari Gantzer, de l\u2019ombre \u00e0 la ville lumi\u00e8re. \u00bb Gantzer nous propose une lecture optimiste alternative du politique, pr\u00e9cis\u00e9e par son pass\u00e9 d\u2019expert en communication politique, et incarn\u00e9e par sa candidature \u00e0 la mairie de Paris.<\/p>\n\n\n\n<h4 class=\"wp-block-heading\"><strong>Un profil atypique<\/strong><\/h4>\n\n\n\n<p>Dipl\u00f4m\u00e9 de l\u2019institut d\u2019\u00e9tudes politiques de Paris et de l\u2019ENA, Gaspard Gantzer est un haut fonctionnaire et homme politique fran\u00e7ais. Apr\u00e8s avoir \u00e9t\u00e9 porte-parole du maire de Paris, Bertrand Delano\u00eb, et avoir \u00e9t\u00e9 conseiller en communication et presse de Laurent Fabius, alors ministre des affaires \u00e9trang\u00e8res, Fran\u00e7ois Hollande lui confia la direction de la communication de la pr\u00e9sidence de la R\u00e9publique en avril 2014. Moins d\u2019un an apr\u00e8s la cr\u00e9ation du mouvement \u00ab Parisiennes, Parisiens \u00bb, il se pr\u00e9sente d\u00e9sormais comme candidat \u00e0 la mairie de Paris pour 2020.<\/p>\n\n\n\n<h4 class=\"wp-block-heading\"><strong>Responsable de la communication lors du quinquennat de Fran\u00e7ois Hollande<\/strong><\/h4>\n\n\n\n<p>Amus\u00e9, Gantzer raconte une anecdote sur la r\u00e9union des ministres, cens\u00e9e rester secr\u00e8te, dont un compte-rendu est syst\u00e9matiquement publi\u00e9 par certains m\u00e9dias : le Canard encha\u00een\u00e9 en est le champion. \u00c0 l\u2019heure de la transparence, les fuites sont impossibles \u00e0 contenir : le responsable de la communication doit s\u2019adapter. Ainsi, \u00e0 d\u00e9faut de ne pas avoir le droit de d\u2019exprimer d&rsquo;opinions en sa qualit\u00e9 de responsable de la communication du Pr\u00e9sident, Gaspard Gantzer est le seul habilit\u00e9 pour \u00eatre \u00ab un proche du pr\u00e9sident \u00bb.<\/p>\n\n\n\n<p class=\"has-text-align-center\"><em>\u00ab Je n\u2019ai pas \u00e9t\u00e9 assez bon, il \u00e9tait tr\u00e8s difficile de trouver les bonnes clefs <br> pour g\u00e9rer les nombreuses difficult\u00e9s du quinquennat. \u00bb<\/em><\/p>\n\n\n\n<p>En effet, la pr\u00e9sidence Hollande a \u00e9t\u00e9 parsem\u00e9e de nombreuses erreurs. Humblement, Gantzer reconna\u00eet la difficult\u00e9 de la communication et ses erreurs. Mais le conseill\u00e9 n\u2019\u00e9coute pas toujours ses conseillers. Un Pr\u00e9sident ne devrait pas dire \u00e7a \u2026 de G\u00e9rard Davet et Fabrice Lhomme ne fut pas un grand succ\u00e8s, mais au contraire une catastrophe absolue pour l\u2019ex-pr\u00e9sident, que Gantzer avait mis en garde. Le livre endommagea fortement sa cr\u00e9dibilit\u00e9 de Pr\u00e9sident, le faisant passer pour \u00ab bavard \u00bb. Impossible de ne pas se rappeler du livre de Val\u00e9rie Trierweiler, Merci pour ce moment : d\u00e9cid\u00e9ment, Fran\u00e7ois Hollande avait fait couler beaucoup d\u2019encre. Pour Gantzer, ces livres r\u00e9v\u00e8lent le proc\u00e8s ill\u00e9gitime de ne pas incarner la pr\u00e9sidence qui a souvent \u00e9t\u00e9 intent\u00e9 par la droite \u00e0 la gauche. Comme pour Fran\u00e7ois Hollande, ce fut aussi le cas pour Fran\u00e7ois Mitterrand.<\/p>\n\n\n\n<p>Il faut dire que le sort ne fut pas cl\u00e9ment pour Fran\u00e7ois Hollande, et par extension pour Gaspard Gantzer. Le quinquennat Hollande fut celui des records funestes : plus graves accidents routiers et a\u00e9ronautiques, terrible vague d\u2019attentats terroristes, interventions militaires au Mali (op\u00e9rations Serval puis Barkhane) suivies par celles en Centrafrique (op\u00e9ration Sangaris). Sans oublier les scandales Cahuzac et Gayet ainsi que des \u00e9checs politiques majeurs comme le d\u00e9saveu des municipales, le 49.3 pour la loi Macron et la d\u00e9faite historique des d\u00e9partementales pour le PS. Et pourtant, si la critique est ais\u00e9e, l\u2019art est difficile : comment ne pas saluer, voire louer, la communication r\u00e9ussie suivant l\u2019attentat terroriste de Charlie Hebdo, pr\u00e9lude d\u2019une longue liste d\u2019attentats : Hyper Cacher, Champs-\u00c9lys\u00e9es, promenade des Anglais, Bataclan, assassinats de membres des forces de l\u2019ordre \u2026 La transparence des informations, la grande p\u00e9dagogie d\u00e9montr\u00e9e et l\u2019organisation de la communion du peuple Fran\u00e7ais furent m\u00fbrement r\u00e9fl\u00e9chies, et finalement r\u00e9ussies. Comment organiser le deuil d\u2019un peuple entier ? La t\u00e2che est, en effet, tr\u00e8s loin d\u2019\u00eatre simple.<\/p>\n\n\n\n<h4 class=\"wp-block-heading\"><strong>A l\u2019assaut de la ville lumi\u00e8re<\/strong><\/h4>\n\n\n\n<p class=\"has-text-align-center\"><em>\u00ab Vous allez me dire, je dois \u00eatre assez fou. C\u2019est un boulot d\u00e9test\u00e9 par les Fran\u00e7ais,  mal pay\u00e9, pr\u00e9sentant de l\u2019ins\u00e9curit\u00e9 pro et m\u00eame parfois, les gens ont honte de vous. \u00bb<\/em><\/p>\n\n\n\n<p>Gaspard Gantzer est un r\u00eaveur, et tant mieux. Alors qu\u2019aujourd\u2019hui l\u2019homme politique lambda am\u00e9liore \u00e0 la marge, un parc par ici, un nouvel immeuble par-l\u00e0, Gantzer estime que l\u2019homme politique doit transformer les r\u00eaves des gens en projets puis transformer ces projets en r\u00e9alit\u00e9s. Pour lui, la responsabilit\u00e9 d\u2019un politique r\u00e9side dans la concr\u00e9tisation de l\u2019espoir et de l\u2019ambition de la population. C\u2019est ce qui explique son projet, pour le moins ambitieux : destruction du p\u00e9riph\u00e9rique ou encore la cr\u00e9ation d\u2019une police municipale parisienne visant \u00e0 soulager la charge de la police nationale d\u00e9j\u00e0 happ\u00e9e par la lutte contre le terrorisme. Le pouvoir semble peu l\u2019int\u00e9ress\u00e9 : altruiste, c\u2019est l\u2019action collective qui le passionne.<\/p>\n\n\n\n<p>\u00c0 partir de ce constat, Gantzer est profond\u00e9ment convaincu par le fait qu\u2019il faut changer la r\u00e9alit\u00e9 de la ville. Les villes mondes europ\u00e9ennes, Berlin ou Londres, sont des villes \u00e9tendues qui respirent. \u00c0 l\u2019inverse, le rayonnement de Paris est limit\u00e9 par son p\u00e9riph\u00e9rique : pour que la ville lumi\u00e8re l\u2019apporte justement jusque dans ses plus profondes banlieues, le p\u00e9riph\u00e9rique parisien se doit d\u2019\u00eatre d\u00e9truit. Renouer la continuit\u00e9 territoriale est, et sera, le d\u00e9fi principal du futur maire de Paris pour la d\u00e9cennie 2020, et m\u00eame les suivantes. Un d\u00e9fi que Gantzer est d\u00e9termin\u00e9 \u00e0 relever.<\/p>\n\n\n\n<p><\/p>\n","protected":false},"excerpt":{"rendered":"<p>Le pari Gantzer : de l&rsquo;ombre \u00e0 la ville lumi\u00e8re Le 08 janvier 2020, l\u2019Agora recevait \u00e0 sa tribune Gaspard Gantzer pour une conf\u00e9rence sur le th\u00e8me : \u00ab Le Pari Gantzer, de l\u2019ombre \u00e0 la ville lumi\u00e8re. \u00bb Gantzer nous propose une lecture optimiste alternative du politique, pr\u00e9cis\u00e9e par son pass\u00e9 d\u2019expert en communication [&hellip;]<\/p>\n","protected":false},"author":1,"featured_media":0,"comment_status":"closed","ping_status":"closed","sticky":false,"template":"","format":"standard","meta":{"footnotes":""},"categories":[3],"tags":[],"class_list":["post-6356","post","type-post","status-publish","format-standard","hentry","category-conferences"],"_links":{"self":[{"href":"https:\/\/www.lagora-edhec.com\/index.php?rest_route=\/wp\/v2\/posts\/6356","targetHints":{"allow":["GET"]}}],"collection":[{"href":"https:\/\/www.lagora-edhec.com\/index.php?rest_route=\/wp\/v2\/posts"}],"about":[{"href":"https:\/\/www.lagora-edhec.com\/index.php?rest_route=\/wp\/v2\/types\/post"}],"author":[{"embeddable":true,"href":"https:\/\/www.lagora-edhec.com\/index.php?rest_route=\/wp\/v2\/users\/1"}],"replies":[{"embeddable":true,"href":"https:\/\/www.lagora-edhec.com\/index.php?rest_route=%2Fwp%2Fv2%2Fcomments&post=6356"}],"version-history":[{"count":7,"href":"https:\/\/www.lagora-edhec.com\/index.php?rest_route=\/wp\/v2\/posts\/6356\/revisions"}],"predecessor-version":[{"id":6417,"href":"https:\/\/www.lagora-edhec.com\/index.php?rest_route=\/wp\/v2\/posts\/6356\/revisions\/6417"}],"wp:attachment":[{"href":"https:\/\/www.lagora-edhec.com\/index.php?rest_route=%2Fwp%2Fv2%2Fmedia&parent=6356"}],"wp:term":[{"taxonomy":"category","embeddable":true,"href":"https:\/\/www.lagora-edhec.com\/index.php?rest_route=%2Fwp%2Fv2%2Fcategories&post=6356"},{"taxonomy":"post_tag","embeddable":true,"href":"https:\/\/www.lagora-edhec.com\/index.php?rest_route=%2Fwp%2Fv2%2Ftags&post=6356"}],"curies":[{"name":"wp","href":"https:\/\/api.w.org\/{rel}","templated":true}]}}