{"id":6336,"date":"2019-12-12T19:54:38","date_gmt":"2019-12-12T17:54:38","guid":{"rendered":"http:\/\/www.lagora-edhec.com\/?p=6336"},"modified":"2019-12-12T20:12:12","modified_gmt":"2019-12-12T18:12:12","slug":"lagora-recoit-fabrice-fries","status":"publish","type":"post","link":"https:\/\/www.lagora-edhec.com\/?p=6336","title":{"rendered":"L&rsquo;Agora re\u00e7oit Fabrice Fries"},"content":{"rendered":"\n<h3 class=\"has-text-align-center wp-block-heading\"><strong>R\u00e9inventer la presse sans inventer l&rsquo;info<\/strong><\/h3>\n\n\n\n<p>Lundi 9 d\u00e9cembre, L\u2019Agora, tribune \u00e9tudiante de l\u2019EDHEC, a re\u00e7u Fabrice Fries, pour une conf\u00e9rence sur le th\u00e8me \u00ab&nbsp;R\u00e9inventer la presse sans inventer l\u2019info&nbsp;\u00bb. Avant de devenir pr\u00e9sident-directeur de l\u2019Agence France-Presse en avril 2018, ce haut fonctionnaire a occup\u00e9 des postes de direction au sein des groupes Publicis, Havas et Vivendi.<\/p>\n\n\n\n<h4 class=\"wp-block-heading\">Une agence mondialement reconnue<\/h4>\n\n\n\n<p>Avec plus de 1700 journalistes r\u00e9partis dans le monde, l\u2019AFP b\u00e9n\u00e9ficie d\u2019un r\u00e9seau important. Des rares vid\u00e9os des \u00e9tudiants d\u2019Hong Kong fuyant les universit\u00e9s \u00e0 l\u2019aide de cordes, aux attentats du London Bridge, rien ne lui \u00e9chappe. L\u2019Agence est d\u2019ailleurs la seule \u00e0 avoir un si\u00e8ge en Cor\u00e9e du Nord. Face \u00e0 Reuters et AP, elle se place comme la grande agence europ\u00e9enne.<\/p>\n\n\n\n<h4 class=\"wp-block-heading\">Privil\u00e9gier la qualit\u00e9 de l\u2019information au buzz<\/h4>\n\n\n\n<p>Bouygues, Dupont de Ligones, Ferrand\u2026 Voici des noms d\u2019affaires qui ont terni l\u2019image de l\u2019Agence. Mais comme l\u2019explique le PDG de l\u2019AFP, les organes de presse sont humains, et rares sont les erreurs \u00e0 se glisser parmi les 5000 d\u00e9p\u00eaches produites chaque jour. Il faut avant tout prendre le temps de v\u00e9rifier l\u2019information. Comme pour \u00ab<em>\u00a0le scoop de l\u2019annonce de la fusion Renaud-PSA, qu\u2019on avait avant tout le monde, qu\u2019on n\u2019a pas publi\u00e9<\/em> \u00bb.<\/p>\n\n\n\n<h4 class=\"wp-block-heading\">Libre, m\u00eame si financ\u00e9e \u00e0 quarante pour cent par l\u2019\u00c9tat<\/h4>\n\n\n\n<p>Fabrice Fries l\u2019assure&nbsp;: depuis le d\u00e9but de son mandat, il n\u2019a connu \u00ab&nbsp;aucune interf\u00e9rence politique&nbsp;\u00bb. L\u2019exemple le plus probant est celui de la crise des Gilets Jaunes. Alors que l\u2019AFP \u00e9tait accus\u00e9e de prendre le parti du gouvernement, elle n\u2019a pourtant pas h\u00e9sit\u00e9 \u00e0 r\u00e9aliser un documentaire sur les violences polici\u00e8res commises lors des manifestations. De fait, seules les r\u00e9dactions, en fonction des lois locales, d\u00e9cident du contenu publi\u00e9. La rentabilit\u00e9 \u00e9conomique d\u2019un \u00e9v\u00e9nement n\u2019est jamais prise en compte. La<br>preuve, l\u2019AFP n\u2019a m\u00eame pas de comptabilit\u00e9 analytique.<\/p>\n\n\n\n<h4 class=\"wp-block-heading\">D\u00e9fiance et dangerosit\u00e9\u00a0: <em>\u00ab\u00a0la crise de la presse s\u2019acc\u00e9l\u00e8re\u00a0\u00bb<\/em><\/h4>\n\n\n\n<p><em>\u00ab\u00a0La carte de presse \u00e9tait une protection, c\u2019est une cible maintenant\u00a0\u00bb<\/em>. Mais l\u00e0 n\u2019est pas la seule menace pour les m\u00e9dias. Avec le num\u00e9rique, les petites r\u00e9dactions disparaissent. Paradoxalement, aux \u00c9tats-Unis, Facebook, pourtant responsable de cet \u00e9tat de fait, en vient \u00e0 financer certains de ces petits journaux. En parall\u00e8le, un journalisme clandestin vient remplacer les m\u00e9dias traditionnels qui n\u2019ont pas su s\u2019implanter sur les r\u00e9seaux sociaux. De quoi \u00e9branler le monde m\u00e9diatique, \u00e0 l\u2019heure o\u00f9 le pr\u00e9sident am\u00e9ricain d\u00e9laisse les conf\u00e9rences de presse pour Twitter, et o\u00f9 m\u00eame les faits \u00e9tablis sont contest\u00e9s par les politiques.<\/p>\n\n\n\n<p>En r\u00e9ponse \u00e0 cela, l\u2019AFP a cr\u00e9\u00e9 un bloc factuel en collaboration avec Facebook afin de lutter contre la propagation de fake news. Elle se prot\u00e8ge aussi du piratage de contenu \u00e0 l\u2019aide de puissants programmes informatiques, d\u2019ailleurs vou\u00e9s \u00e0 prendre de plus en plus de place dans ce m\u00e9tier, m\u00eame si seul l\u2019humain est capable de d\u00e9celer les nuances.<\/p>\n","protected":false},"excerpt":{"rendered":"<p>R\u00e9inventer la presse sans inventer l&rsquo;info Lundi 9 d\u00e9cembre, L\u2019Agora, tribune \u00e9tudiante de l\u2019EDHEC, a re\u00e7u Fabrice Fries, pour une conf\u00e9rence sur le th\u00e8me \u00ab&nbsp;R\u00e9inventer la presse sans inventer l\u2019info&nbsp;\u00bb. Avant de devenir pr\u00e9sident-directeur de l\u2019Agence France-Presse en avril 2018, ce haut fonctionnaire a occup\u00e9 des postes de direction au sein des groupes Publicis, Havas [&hellip;]<\/p>\n","protected":false},"author":1,"featured_media":0,"comment_status":"closed","ping_status":"closed","sticky":false,"template":"","format":"standard","meta":{"footnotes":""},"categories":[3],"tags":[],"class_list":["post-6336","post","type-post","status-publish","format-standard","hentry","category-conferences"],"_links":{"self":[{"href":"https:\/\/www.lagora-edhec.com\/index.php?rest_route=\/wp\/v2\/posts\/6336","targetHints":{"allow":["GET"]}}],"collection":[{"href":"https:\/\/www.lagora-edhec.com\/index.php?rest_route=\/wp\/v2\/posts"}],"about":[{"href":"https:\/\/www.lagora-edhec.com\/index.php?rest_route=\/wp\/v2\/types\/post"}],"author":[{"embeddable":true,"href":"https:\/\/www.lagora-edhec.com\/index.php?rest_route=\/wp\/v2\/users\/1"}],"replies":[{"embeddable":true,"href":"https:\/\/www.lagora-edhec.com\/index.php?rest_route=%2Fwp%2Fv2%2Fcomments&post=6336"}],"version-history":[{"count":6,"href":"https:\/\/www.lagora-edhec.com\/index.php?rest_route=\/wp\/v2\/posts\/6336\/revisions"}],"predecessor-version":[{"id":6347,"href":"https:\/\/www.lagora-edhec.com\/index.php?rest_route=\/wp\/v2\/posts\/6336\/revisions\/6347"}],"wp:attachment":[{"href":"https:\/\/www.lagora-edhec.com\/index.php?rest_route=%2Fwp%2Fv2%2Fmedia&parent=6336"}],"wp:term":[{"taxonomy":"category","embeddable":true,"href":"https:\/\/www.lagora-edhec.com\/index.php?rest_route=%2Fwp%2Fv2%2Fcategories&post=6336"},{"taxonomy":"post_tag","embeddable":true,"href":"https:\/\/www.lagora-edhec.com\/index.php?rest_route=%2Fwp%2Fv2%2Ftags&post=6336"}],"curies":[{"name":"wp","href":"https:\/\/api.w.org\/{rel}","templated":true}]}}