{"id":6253,"date":"2019-10-25T17:33:22","date_gmt":"2019-10-25T15:33:22","guid":{"rendered":"http:\/\/www.lagora-edhec.com\/?p=6253"},"modified":"2019-10-29T12:50:10","modified_gmt":"2019-10-29T10:50:10","slug":"lagora-recoit-nicolas-dupont-aignan","status":"publish","type":"post","link":"https:\/\/www.lagora-edhec.com\/?p=6253","title":{"rendered":"L&rsquo;Agora re\u00e7oit Nicolas Dupont-Aignan"},"content":{"rendered":"\n<h3 class=\"wp-block-heading\" style=\"text-align:center\"><strong>La droite aux multiples visages<\/strong><\/h3>\n\n\n\n<p>Le 25 septembre dernier, L\u2019Agora\nrecevait \u00e0 sa tribune Nicolas Dupont-Aignan pour une conf\u00e9rence sur le th\u00e8me\n\u00ab&nbsp;La droite aux multiples visages&nbsp;\u00bb. Estimant que le clivage\ngauche\/droite est d\u00e9sormais obsol\u00e8te, l\u2019homme politique a insist\u00e9 sur les\nvaleurs qui fondaient originellement la droite et en lesquelles il continue de\ncroire&nbsp;: <em>\u00ab&nbsp;la force du travail et du m\u00e9rite, d\u2019une France qui\ntravaille et redistribue les richesses en relocalisant les emplois \u00bb.<\/em> Il\ns\u2019agirait selon lui d\u2019un <em>\u00ab&nbsp;patriotisme humaniste&nbsp;\u00bb.<\/em> Pour\nNicolas Dupont-Aignan, plut\u00f4t que de parler d\u2019union des droites, il faut appeler\n\u00e0 <em>\u00ab&nbsp;l\u2019union des patriotes&nbsp;\u00bb.<\/em> <\/p>\n\n\n\n<p>Alli\u00e9 \u00e0 Marine Le Pen au second\ntour, l\u2019ancien \u00e9narque est revenu sur ce choix politique, en affirmant avoir v\u00e9cu <em>\u00ab&nbsp;un\nenfer m\u00e9diatique, politique, et familial&nbsp;\u00bb.<\/em> Il s\u2019agissait avant tout\nde trouver un compromis pour ne pas laisser <em>\u00ab&nbsp;en apesanteur, exclus,\nces six millions d\u2019\u00e9lecteurs qui voulaient redonner sa libert\u00e9 d\u00e9mocratique \u00e0\nla France, sa place d\u2019exception dans le monde, car c\u2019est \u00e7a qui fait gagner le\nsyst\u00e8me.&nbsp;\u00bb<\/em> N\u00e9anmoins, le fondateur du parti Debout la France a insist\u00e9\nsur son d\u00e9saccord total avec certains points du programme du Rassemblement\nNational, m\u00eame si le parti a \u00ab<em>&nbsp;\u00e9volu\u00e9<\/em>&nbsp;\u00bb, et que <em>\u00ab&nbsp;la\ngrande peur de l\u2019extr\u00eame droite est d\u00e9pass\u00e9e&nbsp;\u00bb.<\/em>&nbsp; <\/p>\n\n\n\n<p>Nicolas Dupont-Aignan est ensuite\nrevenu sur les enjeux de la d\u00e9mondialisation, et plus particuli\u00e8rement sur la\nn\u00e9cessit\u00e9 de trouver un \u00e9quilibre entre patriotisme et mondialisation. Il a\nnotamment insist\u00e9 sur des mesures \u00e9conomiques en faveur de la relocalisation\ndes emplois, comme un bonus fiscal accord\u00e9 aux chefs d\u2019entreprises produisant\nen France, la valorisation du Made in France, et la baisse des aides sociales\nplut\u00f4t que celle des retraites. <\/p>\n\n\n\n<p>Interrog\u00e9 sur le th\u00e8me de\nl\u2019immigration, Nicolas Dupont-Aignan a ensuite d\u00e9cri\u00e9 le communautarisme qui se\nserait, selon lui, install\u00e9 en France, et a plaid\u00e9 en faveur de l\u2019assimilation\ncomme objectif \u00e0 atteindre. Il a notamment soulign\u00e9 la n\u00e9cessit\u00e9 d\u2019embrasser\nles lois et les valeurs de l\u2019hexagone&nbsp;: <em>\u00ab&nbsp;La France est une terre\nd\u2019accueil, et l\u2019immigration peut \u00eatre une chance, mais si on veut voiler sa\nfille, ce n\u2019est pas ici mais en Arabie Saoudite qu\u2019on va s\u2019installer&nbsp;\u00bb.<\/em>\nEt en ce qui concerne la construction de murs, comme celui du Mexique&nbsp;? <em>\u00ab&nbsp;C\u2019est\nterrible qu\u2019on doive en arriver l\u00e0 pour redresser le tir, mais s\u2019il n\u2019y a pas\nde vraies fronti\u00e8res, alors oui, on a des murs, c\u2019est dommage mais je\ncomprends.&nbsp;\u00bb<\/em><\/p>\n","protected":false},"excerpt":{"rendered":"<p>La droite aux multiples visages Le 25 septembre dernier, L\u2019Agora recevait \u00e0 sa tribune Nicolas Dupont-Aignan pour une conf\u00e9rence sur le th\u00e8me \u00ab&nbsp;La droite aux multiples visages&nbsp;\u00bb. Estimant que le clivage gauche\/droite est d\u00e9sormais obsol\u00e8te, l\u2019homme politique a insist\u00e9 sur les valeurs qui fondaient originellement la droite et en lesquelles il continue de croire&nbsp;: \u00ab&nbsp;la [&hellip;]<\/p>\n","protected":false},"author":1,"featured_media":0,"comment_status":"closed","ping_status":"closed","sticky":false,"template":"","format":"standard","meta":{"footnotes":""},"categories":[3],"tags":[],"class_list":["post-6253","post","type-post","status-publish","format-standard","hentry","category-conferences"],"_links":{"self":[{"href":"https:\/\/www.lagora-edhec.com\/index.php?rest_route=\/wp\/v2\/posts\/6253","targetHints":{"allow":["GET"]}}],"collection":[{"href":"https:\/\/www.lagora-edhec.com\/index.php?rest_route=\/wp\/v2\/posts"}],"about":[{"href":"https:\/\/www.lagora-edhec.com\/index.php?rest_route=\/wp\/v2\/types\/post"}],"author":[{"embeddable":true,"href":"https:\/\/www.lagora-edhec.com\/index.php?rest_route=\/wp\/v2\/users\/1"}],"replies":[{"embeddable":true,"href":"https:\/\/www.lagora-edhec.com\/index.php?rest_route=%2Fwp%2Fv2%2Fcomments&post=6253"}],"version-history":[{"count":4,"href":"https:\/\/www.lagora-edhec.com\/index.php?rest_route=\/wp\/v2\/posts\/6253\/revisions"}],"predecessor-version":[{"id":6316,"href":"https:\/\/www.lagora-edhec.com\/index.php?rest_route=\/wp\/v2\/posts\/6253\/revisions\/6316"}],"wp:attachment":[{"href":"https:\/\/www.lagora-edhec.com\/index.php?rest_route=%2Fwp%2Fv2%2Fmedia&parent=6253"}],"wp:term":[{"taxonomy":"category","embeddable":true,"href":"https:\/\/www.lagora-edhec.com\/index.php?rest_route=%2Fwp%2Fv2%2Fcategories&post=6253"},{"taxonomy":"post_tag","embeddable":true,"href":"https:\/\/www.lagora-edhec.com\/index.php?rest_route=%2Fwp%2Fv2%2Ftags&post=6253"}],"curies":[{"name":"wp","href":"https:\/\/api.w.org\/{rel}","templated":true}]}}