{"id":5319,"date":"2016-07-27T17:50:39","date_gmt":"2016-07-27T15:50:39","guid":{"rendered":"http:\/\/www.lagora-edhec.com\/?p=5319"},"modified":"2019-10-24T14:50:11","modified_gmt":"2019-10-24T12:50:11","slug":"5319","status":"publish","type":"post","link":"https:\/\/www.lagora-edhec.com\/?p=5319","title":{"rendered":"L&rsquo;Agora re\u00e7oit Jean Jouzel"},"content":{"rendered":"<h2 style=\"text-align: center;\"><strong>R\u00e9chauffement climatique : opportunit\u00e9s et d\u00e9fis pour la M\u00e9diterran\u00e9e.<\/strong><\/h2>\n<p><strong>Jeudi 28 avril \u00e0 15h<\/strong>, l\u2019Agora aura le plaisir de recevoir\u00a0<strong>Jean Jouzel<\/strong>\u00a0sur le campus nicois de l&rsquo;EDHEC Business School.<\/p>\n<p>Grand climatologue et glaciologue fran\u00e7ais, Jean Jouzel est reconnu mondialement pour ses analyses de la glace de l\u2019Antarctique et du Groenland ainsi que pour sa contribution \u00e0 la probl\u00e9matique du r\u00e9chauffement climatique. Il est en effet membre du groupe d\u2019experts intergouvernemental sur l\u2019\u00e9volution du climat (GIEC) de l\u2019ONU depuis 1994, et vice-pr\u00e9sident depuis 2002.<\/p>\n<p>En 2002,\u00a0il est co-laur\u00e9at de la m\u00e9daille d\u2019or du CNRS, plus haute distinction scientifique fran\u00e7aise. Il re\u00e7oit \u00e9galement le prix Nobel de la paix en 2007 avec le GIEC.<br \/>\nTout au long de sa carri\u00e8re Jean Jouzel a \u00e9t\u00e9 l\u2019auteur d\u2019environ 300 publications scientifiques parues dans diverses revues comme Nature ou Science. Aujourd\u2019hui il souligne l\u2019urgence d\u2019un changement de mode d\u00e9veloppement afin de maintenir le r\u00e9chauffement climatique \u00e0 un niveau acceptable. Cela passe par la division par trois des gaz \u00e0 effets de serres entre 2020 et 2050.<\/p>\n<p>Quelles cons\u00e9quences pourraient avoir le r\u00e9chauffement climatique ? Comment faire face au d\u00e9fi climatique et quelles sont les mesures \u00e0 prendre ?<\/p>\n","protected":false},"excerpt":{"rendered":"<p>R\u00e9chauffement climatique : opportunit\u00e9s et d\u00e9fis pour la M\u00e9diterran\u00e9e. Jeudi 28 avril \u00e0 15h, l\u2019Agora aura le plaisir de recevoir\u00a0Jean Jouzel\u00a0sur le campus nicois de l&rsquo;EDHEC Business School. Grand climatologue et glaciologue fran\u00e7ais, Jean Jouzel est reconnu mondialement pour ses analyses de la glace de l\u2019Antarctique et du Groenland ainsi que pour sa contribution \u00e0 [&hellip;]<\/p>\n","protected":false},"author":1,"featured_media":0,"comment_status":"closed","ping_status":"closed","sticky":false,"template":"","format":"standard","meta":{"footnotes":""},"categories":[3],"tags":[],"class_list":["post-5319","post","type-post","status-publish","format-standard","hentry","category-conferences"],"_links":{"self":[{"href":"https:\/\/www.lagora-edhec.com\/index.php?rest_route=\/wp\/v2\/posts\/5319","targetHints":{"allow":["GET"]}}],"collection":[{"href":"https:\/\/www.lagora-edhec.com\/index.php?rest_route=\/wp\/v2\/posts"}],"about":[{"href":"https:\/\/www.lagora-edhec.com\/index.php?rest_route=\/wp\/v2\/types\/post"}],"author":[{"embeddable":true,"href":"https:\/\/www.lagora-edhec.com\/index.php?rest_route=\/wp\/v2\/users\/1"}],"replies":[{"embeddable":true,"href":"https:\/\/www.lagora-edhec.com\/index.php?rest_route=%2Fwp%2Fv2%2Fcomments&post=5319"}],"version-history":[{"count":4,"href":"https:\/\/www.lagora-edhec.com\/index.php?rest_route=\/wp\/v2\/posts\/5319\/revisions"}],"predecessor-version":[{"id":6192,"href":"https:\/\/www.lagora-edhec.com\/index.php?rest_route=\/wp\/v2\/posts\/5319\/revisions\/6192"}],"wp:attachment":[{"href":"https:\/\/www.lagora-edhec.com\/index.php?rest_route=%2Fwp%2Fv2%2Fmedia&parent=5319"}],"wp:term":[{"taxonomy":"category","embeddable":true,"href":"https:\/\/www.lagora-edhec.com\/index.php?rest_route=%2Fwp%2Fv2%2Fcategories&post=5319"},{"taxonomy":"post_tag","embeddable":true,"href":"https:\/\/www.lagora-edhec.com\/index.php?rest_route=%2Fwp%2Fv2%2Ftags&post=5319"}],"curies":[{"name":"wp","href":"https:\/\/api.w.org\/{rel}","templated":true}]}}