{"id":5315,"date":"2016-07-25T15:37:36","date_gmt":"2016-07-25T13:37:36","guid":{"rendered":"http:\/\/www.lagora-edhec.com\/?p=5315"},"modified":"2019-10-24T14:54:29","modified_gmt":"2019-10-24T12:54:29","slug":"lagora-recoit-georges-malbrunot","status":"publish","type":"post","link":"https:\/\/www.lagora-edhec.com\/?p=5315","title":{"rendered":"L&rsquo;Agora re\u00e7oit Georges Malbrunot"},"content":{"rendered":"<h2 style=\"text-align: center;\"><strong>Terrorisme, Moyen-Orient, Islamisme : des questions et beaucoup de r\u00e9ponses avec Georges Malbrunot.<\/strong><\/h2>\n<p><a href=\"https:\/\/www.lagora-edhec.com\/wp-content\/uploads\/GMfin.png\"><img fetchpriority=\"high\" decoding=\"async\" class=\" wp-image-5272 size-medium aligncenter\" src=\"https:\/\/www.lagora-edhec.com\/wp-content\/uploads\/GMfin-212x300.png\" alt=\"\" width=\"212\" height=\"300\" \/><\/a><\/p>\n<p><em><span style=\"font-weight: 400;\">Ce mardi 29 mars, L\u2019Agora, tribune \u00e9tudiante de l\u2019EDHEC, recevait le journaliste et ex-otage pour une conf\u00e9rence sur le th\u00e8me\u00a0: \u00ab\u00a0Le Moyen-Orient\u00a0: poudri\u00e8re de la g\u00e9opolitique mondiale\u00a0\u00bb. Une semaine apr\u00e8s les attentats de Bruxelles, cette rencontre a \u00e9t\u00e9 l\u2019occasion de revenir sur les s\u00e9ismes qui frappent cette r\u00e9gion et dont les secousses se font ressentir en Europe.<\/span><\/em><\/p>\n<h3>\u00a0La France est-elle en guerre ?<\/h3>\n<p><span style=\"font-weight: 400;\">Un ennemi sans visage, un cessez-le-feu impossible \u00e0 envisager\u00a0: de son propre aveu, Georges Malbrunot consid\u00e8re le concept de \u00ab\u00a0guerre contre le terrorisme\u00a0\u00bb peu pertinent. Galvaud\u00e9e par la classe politique et les m\u00e9dias, cette expression refl\u00e8te une situation in\u00e9dite\u00a0face \u00e0 laquelle les puissances occidentales se trouvent partiellement d\u00e9munies. A la question\u00a0: les attentats revendiqu\u00e9s par Daesh \u00e0 Paris et Bruxelles sont-ils en repr\u00e9sailles des bombardements de la coalition internationale en Syrie ? Georges Malbrunot r\u00e9pond par la positive. Mais ces derniers sont aussi le symbole plus global d\u2019un rejet du mod\u00e8le capitaliste. <\/span><\/p>\n<p><span style=\"font-weight: 400;\">Pour autant, les pays occidentaux ont-ils une part de responsabilit\u00e9 dans cette situation\u00a0? Pour Georges Malbrunot, une chose est sure\u00a0: lors du printemps 2011, gagn\u00e9e par un \u00ab\u00a0romantisme r\u00e9volutionnaire\u00a0\u00bb, la France a manqu\u00e9 de lucidit\u00e9. En saluant la ferveur d\u2019un peuple se soulevant contre la tyrannie, elle a manqu\u00e9 d\u2019estimer \u00e0 sa juste mesure la puissance de r\u00e9pression du r\u00e9gime de Bachar el-Assad. En c\u00e9dant \u00e0 l\u2019appel de l\u2019\u00e9motion plus qu\u2019\u00e0 celui de la raison, la diplomatie et la presse hexagonales ont failli \u00e0 leurs responsabilit\u00e9s. <\/span><\/p>\n<h3><strong><strong>\u00a0<\/strong><\/strong>La question syrienne<\/h3>\n<p><strong><strong>\u00a0<\/strong><\/strong><span style=\"font-weight: 400;\">Depuis 2011, le conflit en Syrie a fait plus de 270 000 victimes. \u00a0Ce bilan est en grande partie l\u2019\u0153uvre de la r\u00e9pression sanglante du r\u00e9gime de Bachar el-Assad contre les rebelles. Mais cette \u00e9quation a tr\u00e8s vite vu l\u2019apparition d\u2019une nouvelle variable\u00a0: l\u2019organisation arm\u00e9e terroriste islamique Daesh. \u00a0Cette derni\u00e8re a proclam\u00e9 en juin 2014 l\u2019instauration d\u2019un califat sur une grande partie du territoire syrien.<\/span><\/p>\n<p><span style=\"font-weight: 400;\">Dans son papier \u00ab\u00a0Mali-Syrie\u00a0: nouvelles terres du Djihad pour les Fran\u00e7ais\u00a0\u00bb paru en 2012 dans le Figaro, Georges Malbrunot avait d\u2019ores et d\u00e9j\u00e0 compris quelle tournure allait prendre la r\u00e9volution syrienne\u00a0: le r\u00eave de libert\u00e9 d\u2019un peuple allait bient\u00f4t se transformer en un cauchemar mondial du nom de Daesh. Le journaliste a d\u2019ailleurs expliqu\u00e9 que c\u2019est apr\u00e8s l\u2019intervention am\u00e9ricaine en Irak et la chute de Saddam Hussein en 2003 que les officiers d\u00e9chus du parti Baas sont venus resserrer les rangs de l\u2019organisation terroriste et en ont fait ce qu\u2019elle est aujourd\u2019hui. <\/span><\/p>\n<h3><strong><strong>\u00a0<\/strong><\/strong>Le t\u00e9moignage d\u2019un ex-otage<\/h3>\n<p><strong><strong>\u00a0<\/strong><\/strong><span style=\"font-weight: 400;\">Georges Malbrunot a, par ailleurs, eu l\u2019occasion de revenir sur ses 124 jours de d\u00e9tention en 2004 entre les mains de l\u2019Arm\u00e9e Islamique en Irak. Avec la lucidit\u00e9 qui le caract\u00e9rise, le journaliste a \u00e9voqu\u00e9 ses conditions de d\u00e9tention difficiles et l\u2019angoisse qui l\u2019a \u00e9treint chaque jour de sa captivit\u00e9. Au terme de son t\u00e9moignage, il a, \u00e0 la surprise de tous, d\u00e9nonc\u00e9 la surm\u00e9diatisation des prises d\u2019otages en France\u00a0: loin de servir la cause des captifs, elle augmente \u00ab\u00a0la valeur\u00a0\u00bb des otages et fait une \u00ab\u00a0merveilleuse\u00a0\u00bb publicit\u00e9 aux ravisseurs. Et c\u2019est non sans humour que, pour conclure, le journaliste a d\u00e9clar\u00e9\u00a0: \u00ab\u00a0Au Moyen-Orient, quatre mois dans une cage c\u2019est somme toute tr\u00e8s banal, presque un passage oblig\u00e9\u00a0\u00bb.<\/span><\/p>\n","protected":false},"excerpt":{"rendered":"<p>Terrorisme, Moyen-Orient, Islamisme : des questions et beaucoup de r\u00e9ponses avec Georges Malbrunot. Ce mardi 29 mars, L\u2019Agora, tribune \u00e9tudiante de l\u2019EDHEC, recevait le journaliste et ex-otage pour une conf\u00e9rence sur le th\u00e8me\u00a0: \u00ab\u00a0Le Moyen-Orient\u00a0: poudri\u00e8re de la g\u00e9opolitique mondiale\u00a0\u00bb. Une semaine apr\u00e8s les attentats de Bruxelles, cette rencontre a \u00e9t\u00e9 l\u2019occasion de revenir sur [&hellip;]<\/p>\n","protected":false},"author":1,"featured_media":0,"comment_status":"closed","ping_status":"closed","sticky":false,"template":"","format":"standard","meta":{"footnotes":""},"categories":[3],"tags":[],"class_list":["post-5315","post","type-post","status-publish","format-standard","hentry","category-conferences"],"_links":{"self":[{"href":"https:\/\/www.lagora-edhec.com\/index.php?rest_route=\/wp\/v2\/posts\/5315","targetHints":{"allow":["GET"]}}],"collection":[{"href":"https:\/\/www.lagora-edhec.com\/index.php?rest_route=\/wp\/v2\/posts"}],"about":[{"href":"https:\/\/www.lagora-edhec.com\/index.php?rest_route=\/wp\/v2\/types\/post"}],"author":[{"embeddable":true,"href":"https:\/\/www.lagora-edhec.com\/index.php?rest_route=\/wp\/v2\/users\/1"}],"replies":[{"embeddable":true,"href":"https:\/\/www.lagora-edhec.com\/index.php?rest_route=%2Fwp%2Fv2%2Fcomments&post=5315"}],"version-history":[{"count":3,"href":"https:\/\/www.lagora-edhec.com\/index.php?rest_route=\/wp\/v2\/posts\/5315\/revisions"}],"predecessor-version":[{"id":6194,"href":"https:\/\/www.lagora-edhec.com\/index.php?rest_route=\/wp\/v2\/posts\/5315\/revisions\/6194"}],"wp:attachment":[{"href":"https:\/\/www.lagora-edhec.com\/index.php?rest_route=%2Fwp%2Fv2%2Fmedia&parent=5315"}],"wp:term":[{"taxonomy":"category","embeddable":true,"href":"https:\/\/www.lagora-edhec.com\/index.php?rest_route=%2Fwp%2Fv2%2Fcategories&post=5315"},{"taxonomy":"post_tag","embeddable":true,"href":"https:\/\/www.lagora-edhec.com\/index.php?rest_route=%2Fwp%2Fv2%2Ftags&post=5315"}],"curies":[{"name":"wp","href":"https:\/\/api.w.org\/{rel}","templated":true}]}}