{"id":5268,"date":"2016-02-12T18:38:58","date_gmt":"2016-02-12T16:38:58","guid":{"rendered":"http:\/\/www.lagora-edhec.com\/?p=5268"},"modified":"2016-03-25T12:49:19","modified_gmt":"2016-03-25T10:49:19","slug":"lagora-recoit-clara-gaymard-et-gonzague-de-blignieres","status":"publish","type":"post","link":"https:\/\/www.lagora-edhec.com\/?p=5268","title":{"rendered":"L&rsquo;Agora re\u00e7oit Clara Gaymard et Gonzague de Bligni\u00e8res"},"content":{"rendered":"<p style=\"text-align: center;\"><strong>L&rsquo;Agora re\u00e7oit Clara Gaymard et Gonzague de Bligni\u00e8res<\/strong><\/p>\n<p style=\"text-align: justify;\"><a href=\"https:\/\/www.lagora-edhec.com\/wp-content\/uploads\/12698547_1073447716048976_7697056642371157330_o.jpg\"><img fetchpriority=\"high\" decoding=\"async\" class=\" wp-image-5254 size-medium aligncenter\" src=\"https:\/\/www.lagora-edhec.com\/wp-content\/uploads\/12698547_1073447716048976_7697056642371157330_o-212x300.jpg\" alt=\"\" width=\"212\" height=\"300\" srcset=\"https:\/\/www.lagora-edhec.com\/wp-content\/uploads\/12698547_1073447716048976_7697056642371157330_o-212x300.jpg 212w, https:\/\/www.lagora-edhec.com\/wp-content\/uploads\/12698547_1073447716048976_7697056642371157330_o-332x469.jpg 332w, https:\/\/www.lagora-edhec.com\/wp-content\/uploads\/12698547_1073447716048976_7697056642371157330_o.jpg 679w\" sizes=\"(max-width: 212px) 100vw, 212px\" \/><\/a><\/p>\n<h1 style=\"text-align: center;\"><span style=\"text-decoration: underline;\"><strong>Clara Gaymard et Gonzague de Bligni\u00e8res\u00a0: leur plaidoyer pour l\u2019innovation <em>made in<\/em> France.<\/strong><\/span><\/h1>\n<h1 style=\"text-align: center;\"><span style=\"text-decoration: underline;\"><strong>\u00a0<\/strong><\/span><\/h1>\n<p><em><span style=\"font-weight: 400;\">Le 9 f\u00e9vrier dernier, L\u2019Agora recevait Clara Gaymard et Gonzague de Bligni\u00e8res pour une conf\u00e9rence sur le th\u00e8me\u00a0: \u00ab\u00a0 L\u2019innovation\u00a0: un rem\u00e8de \u00e0 la crise\u00a0?\u00a0\u00bb. Les deux ex-PDG, dont la complicit\u00e9 a enthousiasm\u00e9 l\u2019auditoire, ont livr\u00e9 leur vision de l\u2019entreprenariat fran\u00e7ais.<\/span><\/em><\/p>\n<p><span style=\"font-weight: 400;\">Pour Gonzague de Bligni\u00e8res, la France ne sortira de son marasme \u00e9conomique qu\u2019en encourageant l\u2019emploi aupr\u00e8s des petites entreprises. Elles seules ont le pouvoir de relancer l\u2019\u00e9conomie et de faire baisser le ch\u00f4mage. Or, chiffres \u00e0 l\u2019appui, il explique que \u00ab\u00a0En France, seulement 5% des entreprises ont 10 salari\u00e9s, contre 10% en Grande Bretagne\u00a0\u00bb.<\/span><\/p>\n<p><span style=\"font-weight: 400;\">En cause, ce que les deux ex-PDG aiment \u00e0 appeler le \u00a0\u00ab\u00a0tunnel de la mort\u00a0\u00bb. Il s\u2019agit de la 5<\/span><span style=\"font-weight: 400;\">\u00e8me<\/span><span style=\"font-weight: 400;\"> ann\u00e9e d\u2019existence que les entreprises nouvellement cr\u00e9es peinent \u00e0 traverser. Besoin de financement, manque d\u2019internationalisation\u2026 nombreux sont les obstacles fatals \u00e0 plus de 50% des entreprises fran\u00e7aises ayant moins de 5 ans.<\/span><\/p>\n<p><span style=\"font-weight: 400;\">Aider des entreprises \u00e0 passer ce tunnel de la mort est l\u2019une des vocations de Raise, la soci\u00e9t\u00e9 d\u2019investissement doubl\u00e9e d\u2019un fonds de dotation cr\u00e9\u00e9e par Gonzague de Bligni\u00e8res et Clara Gaymard. Ce type de structure, in\u00e9dite en France, est n\u00e9e d\u2019une r\u00e9volte\u00a0: celle de ses deux cr\u00e9ateurs face \u00e0 une tribune du quotidien Lib\u00e9ration qui, en septembre 2012, titrait\u00a0: \u00ab\u00a0Jeunes de France, votre salut est ailleurs\u00a0: barrez-vous\u00a0\u00bb. Pour les deux invit\u00e9s de l\u2019Agora, la France est au contraire pleine d\u2019opportunit\u00e9s et un formidable terreau d\u2019innovation.<\/span><\/p>\n<p><span style=\"font-weight: 400;\">D\u2019autre part, se qualifiant eux-m\u00eames de \u00ab\u00a0philantrepreneurs\u00a0\u00bb, il s\u2019agit pour les deux ex-PDG de donner \u00e0 l\u2019entreprise une vocation sociale : \u00ab\u00a0Un homme se d\u00e9finit plus par rapport \u00e0 ce qu\u2019il donne que par rapport \u00e0 ce qu\u2019il gagne\u00a0\u00bb a pu d\u00e9clarer Gonzague de Bligni\u00e8res. Et c\u2019est cette dimension que donne le fonds de dotation \u00e0 Raise.<\/span><\/p>\n<p><span style=\"font-weight: 400;\">Clara Gaymard a part ailleurs eu l\u2019occasion de revenir sur le rachat tr\u00e8s m\u00e9diatis\u00e9 et controvers\u00e9 de la branche \u00e9nergie d\u2019Alstom par la fili\u00e8re fran\u00e7aise de l\u2019am\u00e9ricain General Electric dont elle a quitt\u00e9 la t\u00eate peu de temps avant la conf\u00e9rence. L\u2019ancienne \u00e9narque en a d\u2019ailleurs profit\u00e9 pour rappeler qu\u2019il ne fallait pas confondre patriotisme \u00e9conomique et nationalisation de l\u2019\u00e9conomie.<\/span><\/p>\n<p style=\"text-align: center;\"><strong><span style=\"font-weight: 400;\">En fin de conf\u00e9rence, la question de la place des femmes dans l\u2019entreprise a \u00e9t\u00e9 abord\u00e9e. Clara Gaymard, qui est aussi pr\u00e9sidente du Women\u2019s Forum, d\u00e9plore le retard fran\u00e7ais en la mati\u00e8re et le consid\u00e8re comme un des plus gros handicaps du pays. Pour l\u2019ex-PDG de GE France, l\u2019avenir des femmes en France est directement li\u00e9 \u00e0 celui du pays.<\/span><\/strong><\/p>\n<p><iframe src=\"https:\/\/player.vimeo.com\/video\/159145717\" width=\"500\" height=\"281\" frameborder=\"0\" allowfullscreen=\"allowfullscreen\"><\/iframe><\/p>\n","protected":false},"excerpt":{"rendered":"<p>L&rsquo;Agora re\u00e7oit Clara Gaymard et Gonzague de Bligni\u00e8res Clara Gaymard et Gonzague de Bligni\u00e8res\u00a0: leur plaidoyer pour l\u2019innovation made in France. \u00a0 Le 9 f\u00e9vrier dernier, L\u2019Agora recevait Clara Gaymard et Gonzague de Bligni\u00e8res pour une conf\u00e9rence sur le th\u00e8me\u00a0: \u00ab\u00a0 L\u2019innovation\u00a0: un rem\u00e8de \u00e0 la crise\u00a0?\u00a0\u00bb. Les deux ex-PDG, dont la complicit\u00e9 a enthousiasm\u00e9 [&hellip;]<\/p>\n","protected":false},"author":1,"featured_media":0,"comment_status":"closed","ping_status":"closed","sticky":false,"template":"","format":"standard","meta":{"footnotes":""},"categories":[3],"tags":[],"class_list":["post-5268","post","type-post","status-publish","format-standard","hentry","category-conferences"],"_links":{"self":[{"href":"https:\/\/www.lagora-edhec.com\/index.php?rest_route=\/wp\/v2\/posts\/5268","targetHints":{"allow":["GET"]}}],"collection":[{"href":"https:\/\/www.lagora-edhec.com\/index.php?rest_route=\/wp\/v2\/posts"}],"about":[{"href":"https:\/\/www.lagora-edhec.com\/index.php?rest_route=\/wp\/v2\/types\/post"}],"author":[{"embeddable":true,"href":"https:\/\/www.lagora-edhec.com\/index.php?rest_route=\/wp\/v2\/users\/1"}],"replies":[{"embeddable":true,"href":"https:\/\/www.lagora-edhec.com\/index.php?rest_route=%2Fwp%2Fv2%2Fcomments&post=5268"}],"version-history":[{"count":2,"href":"https:\/\/www.lagora-edhec.com\/index.php?rest_route=\/wp\/v2\/posts\/5268\/revisions"}],"predecessor-version":[{"id":5287,"href":"https:\/\/www.lagora-edhec.com\/index.php?rest_route=\/wp\/v2\/posts\/5268\/revisions\/5287"}],"wp:attachment":[{"href":"https:\/\/www.lagora-edhec.com\/index.php?rest_route=%2Fwp%2Fv2%2Fmedia&parent=5268"}],"wp:term":[{"taxonomy":"category","embeddable":true,"href":"https:\/\/www.lagora-edhec.com\/index.php?rest_route=%2Fwp%2Fv2%2Fcategories&post=5268"},{"taxonomy":"post_tag","embeddable":true,"href":"https:\/\/www.lagora-edhec.com\/index.php?rest_route=%2Fwp%2Fv2%2Ftags&post=5268"}],"curies":[{"name":"wp","href":"https:\/\/api.w.org\/{rel}","templated":true}]}}