{"id":5263,"date":"2016-02-12T18:20:36","date_gmt":"2016-02-12T16:20:36","guid":{"rendered":"http:\/\/www.lagora-edhec.com\/?p=5263"},"modified":"2016-03-10T18:27:28","modified_gmt":"2016-03-10T16:27:28","slug":"5263","status":"publish","type":"post","link":"https:\/\/www.lagora-edhec.com\/?p=5263","title":{"rendered":"L&rsquo;Agora re\u00e7oit Jean-Fran\u00e7ois Cop\u00e9"},"content":{"rendered":"<p style=\"text-align: center;\"><strong>L&rsquo;Agora re\u00e7oit\u00a0Jean-Fran\u00e7ois Cop\u00e9<\/strong><\/p>\n<p style=\"text-align: justify;\"><a href=\"https:\/\/www.lagora-edhec.com\/wp-content\/uploads\/12400473_1090569214309265_34716298892879233_n.jpg\"><img fetchpriority=\"high\" decoding=\"async\" class=\" wp-image-5246 size-medium aligncenter\" src=\"https:\/\/www.lagora-edhec.com\/wp-content\/uploads\/12400473_1090569214309265_34716298892879233_n-212x300.jpg\" alt=\"\" width=\"212\" height=\"300\" \/><b><\/b><\/a><\/p>\n<h2 id=\":k9\" class=\"hP\" style=\"text-align: center;\" tabindex=\"-1\"><span style=\"text-decoration: underline;\"><strong>Jean-Fran\u00e7ois <span class=\"il\">Cop\u00e9<\/span> \u00e0 l\u2019Agora, un retour m\u00e9diatique r\u00e9ussi ?<\/strong><\/span><\/h2>\n<p>&nbsp;<\/p>\n<p><em><span style=\"font-weight: 400;\">Mercredi 20 janvier, l\u2019Agora accueillait sous le feu des projecteurs Jean-Fran\u00e7ois Cop\u00e9 sur le th\u00e8me \u00ab\u00a0Back to the Cop\u00e9tition\u00a0\u00bb. Le retour m\u00e9diatique de l\u2019ancien pr\u00e9sident de l\u2019UMP est loin d\u2019\u00eatre pass\u00e9 inaper\u00e7u, un grand nombre de journaliste \u00e9tant pr\u00e9sents lors de cette conf\u00e9rence qui s\u2019est d\u00e9roul\u00e9e dans un amphith\u00e9\u00e2tre bond\u00e9.<\/span><\/em><\/p>\n<p><span style=\"font-weight: 400;\">Lorsque l\u2019homme \u00e9clabouss\u00e9 par l\u2019affaire Bygmalion est mont\u00e9 sur sc\u00e8ne, il s\u2019est d\u00e9fendu d\u2019avoir chang\u00e9 et a pr\u00e9f\u00e9r\u00e9 qualifier son retrait de <\/span><i><span style=\"font-weight: 400;\">\u00ab\u00a0travail de r\u00e9silience\u00a0\u00bb<\/span><\/i><span style=\"font-weight: 400;\">. Durant cet intense travail int\u00e9rieur, monsieur Cop\u00e9 para\u00eet avoir trouv\u00e9 le temps d\u2019\u00e9crire un livre\u00a0: <\/span><i><span style=\"font-weight: 400;\">Le Sursaut fran\u00e7ais<\/span><\/i><span style=\"font-weight: 400;\">, publi\u00e9 le jour m\u00eame de son apparition sur la sc\u00e8ne de l\u2019Agora. Cet ouvrage a donc \u00e9t\u00e9 l\u2019occasion de pr\u00e9senter sa nouvelle vision politique et ses quelques propositions de r\u00e9formes. Ce qui, a-t-il r\u00e9p\u00e9t\u00e9, ne consiste en rien \u00e0 une strat\u00e9gie visant les primaires des R\u00e9publicains ou la pr\u00e9sidentielle de 2017. <\/span><\/p>\n<p><span style=\"font-weight: 400;\">L\u2019ancien avocat a d\u00e9but\u00e9 la conf\u00e9rence en plaidant en faveur de la proximit\u00e9 et de la sinc\u00e9rit\u00e9. S\u2019en est suivi un temps de confidences, comme pour appuyer ces propos, durant lequel l\u2019homme politique s\u2019effa\u00e7ait pour laisser place au confident racontant une <\/span><i><span style=\"font-weight: 400;\">\u00ab\u00a0\u00e9preuve\u00a0\u00bb<\/span><\/i><span style=\"font-weight: 400;\"> l\u2019ayant <\/span><i><span style=\"font-weight: 400;\">\u00ab\u00a0construit\u00a0\u00bb<\/span><\/i><span style=\"font-weight: 400;\">. Jean-Fran\u00e7ois Cop\u00e9 a mis\u00e9 sur une logique particuli\u00e8re pour l\u00e9gitimer son retour\u00a0: il inscrit son silence dans une continuit\u00e9 plut\u00f4t que dans une rupture, contrairement au discours qu\u2019avait pu tenir Nicolas Sarkozy. <\/span><\/p>\n<p><span style=\"font-weight: 400;\">C\u2019est donc en tant qu\u2019homme politique abouti que Jean-Fran\u00e7ois Cop\u00e9 a voulu d\u00e8s lors s\u2019exprimer sur le contenu de son nouvel ouvrage. Le premier cheval de bataille pr\u00e9sent\u00e9 a \u00e9t\u00e9 le rapport \u00e0 la prise de risque. D\u2019apr\u00e8s lui, un enjeu majeur en France est de renouer avec le succ\u00e8s en \u00e9vitant d\u2019abandonner au premier \u00e9chec, notamment \u00e0 l\u2019\u00e9cole. Une mani\u00e8re habile de faire r\u00e9f\u00e9rence \u00e0 sa propre exp\u00e9rience d\u2019un \u00e9chec surmont\u00e9 et ainsi de sublimer son \u00e9preuve personnelle. <\/span><\/p>\n<p style=\"text-align: center;\">Les sujets suivants abord\u00e9s ont \u00e9t\u00e9 l\u2019immigration et le terrorisme, en passant par la d\u00e9ch\u00e9ance de nationalit\u00e9. Enfin, ce sont des th\u00e8mes plus \u00e9conomiques auxquels s\u2019est attaqu\u00e9 un Jean-Fran\u00e7ois Cop\u00e9 qui semblait de plus en plus \u00e9puis\u00e9 par un retour m\u00e9diatique peut \u00eatre un peu trop m\u00e9diatis\u00e9\u2026<\/p>\n<p><iframe src=\"https:\/\/player.vimeo.com\/video\/157859554\" width=\"500\" height=\"281\" frameborder=\"0\" allowfullscreen=\"allowfullscreen\"><\/iframe><\/p>\n","protected":false},"excerpt":{"rendered":"<p>L&rsquo;Agora re\u00e7oit\u00a0Jean-Fran\u00e7ois Cop\u00e9 Jean-Fran\u00e7ois Cop\u00e9 \u00e0 l\u2019Agora, un retour m\u00e9diatique r\u00e9ussi ? &nbsp; Mercredi 20 janvier, l\u2019Agora accueillait sous le feu des projecteurs Jean-Fran\u00e7ois Cop\u00e9 sur le th\u00e8me \u00ab\u00a0Back to the Cop\u00e9tition\u00a0\u00bb. Le retour m\u00e9diatique de l\u2019ancien pr\u00e9sident de l\u2019UMP est loin d\u2019\u00eatre pass\u00e9 inaper\u00e7u, un grand nombre de journaliste \u00e9tant pr\u00e9sents lors de cette [&hellip;]<\/p>\n","protected":false},"author":1,"featured_media":0,"comment_status":"closed","ping_status":"closed","sticky":false,"template":"","format":"standard","meta":{"footnotes":""},"categories":[3],"tags":[],"class_list":["post-5263","post","type-post","status-publish","format-standard","hentry","category-conferences"],"_links":{"self":[{"href":"https:\/\/www.lagora-edhec.com\/index.php?rest_route=\/wp\/v2\/posts\/5263","targetHints":{"allow":["GET"]}}],"collection":[{"href":"https:\/\/www.lagora-edhec.com\/index.php?rest_route=\/wp\/v2\/posts"}],"about":[{"href":"https:\/\/www.lagora-edhec.com\/index.php?rest_route=\/wp\/v2\/types\/post"}],"author":[{"embeddable":true,"href":"https:\/\/www.lagora-edhec.com\/index.php?rest_route=\/wp\/v2\/users\/1"}],"replies":[{"embeddable":true,"href":"https:\/\/www.lagora-edhec.com\/index.php?rest_route=%2Fwp%2Fv2%2Fcomments&post=5263"}],"version-history":[{"count":6,"href":"https:\/\/www.lagora-edhec.com\/index.php?rest_route=\/wp\/v2\/posts\/5263\/revisions"}],"predecessor-version":[{"id":5383,"href":"https:\/\/www.lagora-edhec.com\/index.php?rest_route=\/wp\/v2\/posts\/5263\/revisions\/5383"}],"wp:attachment":[{"href":"https:\/\/www.lagora-edhec.com\/index.php?rest_route=%2Fwp%2Fv2%2Fmedia&parent=5263"}],"wp:term":[{"taxonomy":"category","embeddable":true,"href":"https:\/\/www.lagora-edhec.com\/index.php?rest_route=%2Fwp%2Fv2%2Fcategories&post=5263"},{"taxonomy":"post_tag","embeddable":true,"href":"https:\/\/www.lagora-edhec.com\/index.php?rest_route=%2Fwp%2Fv2%2Ftags&post=5263"}],"curies":[{"name":"wp","href":"https:\/\/api.w.org\/{rel}","templated":true}]}}