{"id":5237,"date":"2015-11-18T13:04:46","date_gmt":"2015-11-18T11:04:46","guid":{"rendered":"http:\/\/www.lagora-edhec.com\/?p=5237"},"modified":"2015-11-19T00:31:51","modified_gmt":"2015-11-18T22:31:51","slug":"lagora-recoit-marc-bonnant","status":"publish","type":"post","link":"https:\/\/www.lagora-edhec.com\/?p=5237","title":{"rendered":"L&rsquo;Agora re\u00e7oit Marc Bonnant"},"content":{"rendered":"<p style=\"text-align: center;\"><strong>L&rsquo;Agora re\u00e7oit\u00a0Marc Bonnant<\/strong><\/p>\n<p style=\"text-align: justify;\"><a href=\"https:\/\/www.lagora-edhec.com\/wp-content\/uploads\/MB.png\"><img fetchpriority=\"high\" decoding=\"async\" class=\" wp-image-5224 size-medium aligncenter\" src=\"https:\/\/www.lagora-edhec.com\/wp-content\/uploads\/MB-212x300.png\" alt=\"\" width=\"212\" height=\"300\" srcset=\"https:\/\/www.lagora-edhec.com\/wp-content\/uploads\/MB-212x300.png 212w, https:\/\/www.lagora-edhec.com\/wp-content\/uploads\/MB-700x990.png 700w, https:\/\/www.lagora-edhec.com\/wp-content\/uploads\/MB-332x470.png 332w, https:\/\/www.lagora-edhec.com\/wp-content\/uploads\/MB-900x1273.png 900w, https:\/\/www.lagora-edhec.com\/wp-content\/uploads\/MB.png 1500w\" sizes=\"(max-width: 212px) 100vw, 212px\" \/><b><\/b><\/a><\/p>\n<h2 style=\"text-align: center;\"><span style=\"text-decoration: underline;\"><strong>Marc Bonnant \u00e0 l\u2019Agora, standing ovation pour l\u2019homme qui ne pouvait rester assis<\/strong><\/span><\/h2>\n<p>&nbsp;<\/p>\n<p><em>Mardi 6 octobre l\u2019Agora recevait Marc Bonnant sur le th\u00e8me \u00ab Place aux mots \u00bb. La passion de l\u2019avocat genevois \u00a0pour l\u2019\u00e9loquence est telle qu\u2019il refuse de s\u2019exprimer assis et d\u2019utiliser le micro mis \u00e0 sa disposition. Grand orateur, Marc Bonnant s\u2019est en effet consacr\u00e9 toute sa vie \u00a0aux mots, et a d\u00e9velopp\u00e9 un talent qu\u2019il a pu mettre \u00e0 profit lors de ses plaidoiries. Il met notamment en avant l\u2019importance de la rh\u00e9torique qu\u2019il estime en d\u00e9clin.<\/em><\/p>\n<p>Marc Bonnant commence la conf\u00e9rence en nous rappelant une d\u00e9finition de l\u2019art oratoire. Qu\u2019il s\u2019agisse de convaincre en faisant appel \u00e0 la raison ou persuader en touchant aux \u00e9motions, le constat est sans appel : \u00ab la rh\u00e9torique change, \u00e9volue ; si l\u2019on utilise un terme plus clinique, la rh\u00e9torique est morte \u00bb.<\/p>\n<p>Les mots ont en effet, plus de mal \u00e0 trouver leur place dans une soci\u00e9t\u00e9 qui favorise l\u2019image et recherche le consensus. La pauvret\u00e9 du vocabulaire est devenue un probl\u00e8me majeur car l\u2019homme qui ne peut pas dire ne peut pas agir. Les mots sont, selon lui, \u00a0une alternative \u00e0 des probl\u00e9matiques telles que la violence ou la m\u00e9compr\u00e9hension de la vie par la jeunesse. Marc Bonnant a alors soulign\u00e9 la n\u00e9cessit\u00e9 de pallier le probl\u00e8me, et d\u2019accorder une place plus importante aux lettres, \u00e0 l\u2019art, allant jusqu\u2019\u00e0 \u00e9voquer une \u00ab suppression du budget de la s\u00e9curit\u00e9 sociale afin de l\u2019affecter \u00e0 la culture \u00bb.<\/p>\n<p>L\u2019invit\u00e9 insiste cependant sur le fait que si la parole est d\u2019or, elle reste r\u00e9serv\u00e9e \u00e0 une \u00e9lite talentueuse, car bien parler c\u2019est avant tout bien penser et la pens\u00e9e ne s\u2019accommode pas de la bri\u00e8vet\u00e9. \u00a0Marc Bonnant d\u00e9clare \u00ab Je suis d\u2019avis que l\u2019on puisse tout dire \u00bb mais la pens\u00e9e reste quant \u00e0 elle du domaine et de l\u2019expertise de quelques-uns. Ainsi, la d\u00e9mocratie permet la parole en m\u00eame temps qu\u2019elle la tue, car \u00ab la parole de tous devient la parole de chacun \u00bb.<\/p>\n<p>L\u2019avocat de renom, par ailleurs, n\u2019h\u00e9site pas \u00e0 prendre des positions controvers\u00e9es : il r\u00e9affirme le droit d\u2019avoir peur ou \u00a0de m\u00e9priser une religion qui n\u2019est pas sienne. \u00a0Il d\u00e9finit \u00e9galement les rapports humains comme des rapports de force entre domin\u00e9s et dominants et qualifie en ce sens le f\u00e9minisme d\u2019absurdit\u00e9 en soulignant l\u2019importance d\u2019un affrontement entre les valeurs f\u00e9minines et masculines.<\/p>\n<p>Enfin, lorsque les \u00e9tudiants soulignent les similitudes entre l\u2019avocat et le com\u00e9dien, il admet que l\u2019avocat ne dit pas ce qu\u2019il pense mais qu\u2019en revanche il sert son propre g\u00e9nie. La conf\u00e9rence se termine par une mise en situation o\u00f9 Marc Bonnant d\u00e9fend l\u2019ind\u00e9fendable : l\u2019impolitesse. Exer\u00e7ant brillamment son talent de persuasion et sa capacit\u00e9 \u00e0 convaincre, \u00a0il nous d\u00e9montre \u00ab <em>le poids de ses mots<\/em> \u00bb.<\/p>\n<p><iframe src=\"https:\/\/player.vimeo.com\/video\/144267486\" width=\"500\" height=\"281\" frameborder=\"0\" allowfullscreen=\"allowfullscreen\"><\/iframe><\/p>\n","protected":false},"excerpt":{"rendered":"<p>L&rsquo;Agora re\u00e7oit\u00a0Marc Bonnant Marc Bonnant \u00e0 l\u2019Agora, standing ovation pour l\u2019homme qui ne pouvait rester assis &nbsp; Mardi 6 octobre l\u2019Agora recevait Marc Bonnant sur le th\u00e8me \u00ab Place aux mots \u00bb. La passion de l\u2019avocat genevois \u00a0pour l\u2019\u00e9loquence est telle qu\u2019il refuse de s\u2019exprimer assis et d\u2019utiliser le micro mis \u00e0 sa disposition. Grand [&hellip;]<\/p>\n","protected":false},"author":1,"featured_media":0,"comment_status":"closed","ping_status":"closed","sticky":false,"template":"","format":"standard","meta":{"footnotes":""},"categories":[3],"tags":[],"class_list":["post-5237","post","type-post","status-publish","format-standard","hentry","category-conferences"],"_links":{"self":[{"href":"https:\/\/www.lagora-edhec.com\/index.php?rest_route=\/wp\/v2\/posts\/5237","targetHints":{"allow":["GET"]}}],"collection":[{"href":"https:\/\/www.lagora-edhec.com\/index.php?rest_route=\/wp\/v2\/posts"}],"about":[{"href":"https:\/\/www.lagora-edhec.com\/index.php?rest_route=\/wp\/v2\/types\/post"}],"author":[{"embeddable":true,"href":"https:\/\/www.lagora-edhec.com\/index.php?rest_route=\/wp\/v2\/users\/1"}],"replies":[{"embeddable":true,"href":"https:\/\/www.lagora-edhec.com\/index.php?rest_route=%2Fwp%2Fv2%2Fcomments&post=5237"}],"version-history":[{"count":5,"href":"https:\/\/www.lagora-edhec.com\/index.php?rest_route=\/wp\/v2\/posts\/5237\/revisions"}],"predecessor-version":[{"id":5241,"href":"https:\/\/www.lagora-edhec.com\/index.php?rest_route=\/wp\/v2\/posts\/5237\/revisions\/5241"}],"wp:attachment":[{"href":"https:\/\/www.lagora-edhec.com\/index.php?rest_route=%2Fwp%2Fv2%2Fmedia&parent=5237"}],"wp:term":[{"taxonomy":"category","embeddable":true,"href":"https:\/\/www.lagora-edhec.com\/index.php?rest_route=%2Fwp%2Fv2%2Fcategories&post=5237"},{"taxonomy":"post_tag","embeddable":true,"href":"https:\/\/www.lagora-edhec.com\/index.php?rest_route=%2Fwp%2Fv2%2Ftags&post=5237"}],"curies":[{"name":"wp","href":"https:\/\/api.w.org\/{rel}","templated":true}]}}