{"id":5168,"date":"2015-06-29T23:16:37","date_gmt":"2015-06-29T21:16:37","guid":{"rendered":"http:\/\/www.lagora-edhec.com\/?p=5168"},"modified":"2015-06-29T23:16:37","modified_gmt":"2015-06-29T21:16:37","slug":"edhec-pan-africa-en-partenariat-avec-lagora","status":"publish","type":"post","link":"https:\/\/www.lagora-edhec.com\/?p=5168","title":{"rendered":"EDHEC Pan Africa en partenariat avec l&rsquo;Agora"},"content":{"rendered":"<p style=\"text-align: center;\"><strong>EDHEC Pan Africa en partenariat avec l&rsquo;Agora vous invite \u00e0 une conf\u00e9rence autour de l\u2019Afrique !<\/strong><\/p>\n<p style=\"text-align: justify;\"><img fetchpriority=\"high\" decoding=\"async\" class=\"alignleft size-medium wp-image-4668\" src=\"https:\/\/www.lagora-edhec.com\/wp-content\/uploads\/10988328_10206120053591168_1199190688426115674_n.jpg\" alt=\"Aymeric Caron\" width=\"234\" height=\"330\" \/> Jeudi 23 avril, EDHEC Pan Africa et l\u2019Agora ont le plaisir de recevoir, sur le campus ni\u00e7ois de l\u2019EDHEC,\u00a0 Aminata Tour\u00e9, Hamada Tour\u00e9 et Seydina Tandian pour une conf\u00e9rence sur le th\u00e8me \u00ab\u00a0L\u2019Afrique face \u00e0 son destin\u00a0\u00bb.<\/p>\n<p>Ex Premier Ministre et ancienne Ministre de la Justice du S\u00e9n\u00e9gal,\u00a0Aminata Tour\u00e9 viendra nous livrer sa vision et ses ambitions pour l\u2019Afrique et le S\u00e9n\u00e9gal de demain. L\u2019ancienne Garde des Sceaux s\u2019est fait conna\u00eetre pour avoir fait de la lutte contre la corruption le principal combat de son mandat.\u00a0 Mais Aminata Tour\u00e9 est avant tout une femme engag\u00e9e, comme en t\u00e9moigne son engagement au sein du Fonds des Nations Unies pour les Populations (FNUAP) au S\u00e9n\u00e9gal, Burkina Faso et C\u00f4te d\u2019Ivoire.<\/p>\n<p>Hamada Tour\u00e9, quant \u00e0 lui est le directeur en charge des investissements chez Amethis Finance. Depuis plus de vingt ans, l\u2019entreprise a pour ambition de construire une plateforme d\u2019investissement priv\u00e9e d\u00e9di\u00e9e \u00e0 l\u2019investissement de long terme en Afrique. En effet, \u00e0 l\u2019heure o\u00f9 le continent africain est l\u2019une des zones de croissance \u00e9conomique les plus dynamiques, avec notamment une croissance de plus de 6% en Afrique subsaharienne,\u00a0 il pourrait bien devenir le nouvel Eldorado des investisseurs \u00e9trangers.<\/p>\n<p>Enfin, Seydina Tandian, Pr\u00e9sident directeur g\u00e9n\u00e9ral de l\u2019agence de notation financi\u00e8re West Africa Rating Agency (WARA) viendra nous exposer son expertise sur la sant\u00e9 financi\u00e8res des Etats et entreprises d\u2019Afrique de l\u2019Ouest.<\/p>\n<p>Quelle est la place de l\u2019Afrique dans les prochaines ann\u00e9es\u00a0? Continent le plus riche en mati\u00e8res premi\u00e8res mais aussi le plus jeune, l\u2019Afrique est le pays de toutes les promesses. Parviendra-t-il \u00e0 \u00e9merger\u00a0?<\/p>\n<p>Nos invit\u00e9s r\u00e9pondront \u00e0 toutes ces questions et plus encore, <strong>jeudi 23 avril<\/strong><strong> \u00e0 17h30 en salle 002 \u00e0 l\u2019EDHEC de Nice.<\/strong><\/p>\n<p><em>Pour des raisons techniques, la vid\u00e9o de cette conf\u00e9rence n&rsquo;est pas disponible.<\/em><\/p>\n","protected":false},"excerpt":{"rendered":"<p>EDHEC Pan Africa en partenariat avec l&rsquo;Agora vous invite \u00e0 une conf\u00e9rence autour de l\u2019Afrique ! Jeudi 23 avril, EDHEC Pan Africa et l\u2019Agora ont le plaisir de recevoir, sur le campus ni\u00e7ois de l\u2019EDHEC,\u00a0 Aminata Tour\u00e9, Hamada Tour\u00e9 et Seydina Tandian pour une conf\u00e9rence sur le th\u00e8me \u00ab\u00a0L\u2019Afrique face \u00e0 son destin\u00a0\u00bb. Ex Premier [&hellip;]<\/p>\n","protected":false},"author":1,"featured_media":0,"comment_status":"closed","ping_status":"closed","sticky":false,"template":"","format":"standard","meta":{"footnotes":""},"categories":[3],"tags":[],"class_list":["post-5168","post","type-post","status-publish","format-standard","hentry","category-conferences"],"_links":{"self":[{"href":"https:\/\/www.lagora-edhec.com\/index.php?rest_route=\/wp\/v2\/posts\/5168","targetHints":{"allow":["GET"]}}],"collection":[{"href":"https:\/\/www.lagora-edhec.com\/index.php?rest_route=\/wp\/v2\/posts"}],"about":[{"href":"https:\/\/www.lagora-edhec.com\/index.php?rest_route=\/wp\/v2\/types\/post"}],"author":[{"embeddable":true,"href":"https:\/\/www.lagora-edhec.com\/index.php?rest_route=\/wp\/v2\/users\/1"}],"replies":[{"embeddable":true,"href":"https:\/\/www.lagora-edhec.com\/index.php?rest_route=%2Fwp%2Fv2%2Fcomments&post=5168"}],"version-history":[{"count":3,"href":"https:\/\/www.lagora-edhec.com\/index.php?rest_route=\/wp\/v2\/posts\/5168\/revisions"}],"predecessor-version":[{"id":5173,"href":"https:\/\/www.lagora-edhec.com\/index.php?rest_route=\/wp\/v2\/posts\/5168\/revisions\/5173"}],"wp:attachment":[{"href":"https:\/\/www.lagora-edhec.com\/index.php?rest_route=%2Fwp%2Fv2%2Fmedia&parent=5168"}],"wp:term":[{"taxonomy":"category","embeddable":true,"href":"https:\/\/www.lagora-edhec.com\/index.php?rest_route=%2Fwp%2Fv2%2Fcategories&post=5168"},{"taxonomy":"post_tag","embeddable":true,"href":"https:\/\/www.lagora-edhec.com\/index.php?rest_route=%2Fwp%2Fv2%2Ftags&post=5168"}],"curies":[{"name":"wp","href":"https:\/\/api.w.org\/{rel}","templated":true}]}}