{"id":5106,"date":"2015-04-11T13:57:11","date_gmt":"2015-04-11T11:57:11","guid":{"rendered":"http:\/\/www.lagora-edhec.com\/?p=5106"},"modified":"2015-06-14T17:46:34","modified_gmt":"2015-06-14T15:46:34","slug":"lagora-recoit-aymeric-caron","status":"publish","type":"post","link":"https:\/\/www.lagora-edhec.com\/?p=5106","title":{"rendered":"L&rsquo;Agora re\u00e7oit Aymeric Caron"},"content":{"rendered":"<p style=\"text-align: center;\"><strong>L&rsquo;Agora re\u00e7oit Aymeric Caron<\/strong><\/p>\n<p style=\"text-align: justify;\"><img fetchpriority=\"high\" decoding=\"async\" class=\"alignleft size-medium wp-image-4668\" src=\"https:\/\/www.lagora-edhec.com\/wp-content\/uploads\/10357171_10153303536374391_3869068384951345269_n.jpg\" alt=\"Aymeric Caron\" width=\"234\" height=\"330\" \/>Lundi 13 avril, l\u2019Agora a le plaisir de recevoir \u00e0 sa tribune Aymeric Caron, le journaliste pol\u00e9miste que l\u2019on retrouve chaque samedi soir dans l\u2019\u00e9mission \u00ab On n\u2019est pas couch\u00e9 \u00bb, sur le th\u00e8me : \u00ab le journalisme : de l\u2019information \u00e0 la manipulation \u00bb.<\/p>\n<p style=\"text-align: justify;\">Etre v\u00e9g\u00e9tarien et prendre un malin plaisir \u00e0 passer ses invit\u00e9s \u00e0 la casserole c\u2019est tout le paradoxe d\u2019Aymeric Caron qui viendra d\u00e9battre sans langue de bois sur la question de la place du journalisme consid\u00e9r\u00e9e comme le h\u00e9raut de la libert\u00e9 d\u2019expression.<\/p>\n<p style=\"text-align: justify;\">Le journaliste dispose-t-il encore du pouvoir dont on le cr\u00e9dite ? Le terme de \u00ab\u00a0quatri\u00e8me pouvoir\u00a0\u00bb est-il l\u00e9gitime ? Dans quelle mesure les m\u00e9dias influencent l&rsquo;opinion publique ? Le journalisme, entre pragmatisme, d\u00e9sinformation et propagande ?<\/p>\n<p style=\"text-align: justify;\">L\u2019infatigable chroniqueur, Aymeric Caron, r\u00e9pondra \u00e0 toutes ces questions lundi 13 avril \u00e0 18h, dans l\u2019Auditorium de l\u2019EDHEC Business School.<\/p>\n<p style=\"text-align: center;\">Lundi 13 avril \u00e0 18h00<br \/>\nENTREE LIBRE<br \/>\nAuditorium, EDHEC Business School<br \/>\n372 Rue Verte, 59170 Croix<\/p>\n<p style=\"text-align: center;\"><em>Pour des raisons de droit \u00e0 l&rsquo;image, la vid\u00e9o de la conf\u00e9rence n&rsquo;est pas disponible.\u00a0<\/em><\/p>\n","protected":false},"excerpt":{"rendered":"<p>L&rsquo;Agora re\u00e7oit Aymeric Caron Lundi 13 avril, l\u2019Agora a le plaisir de recevoir \u00e0 sa tribune Aymeric Caron, le journaliste pol\u00e9miste que l\u2019on retrouve chaque samedi soir dans l\u2019\u00e9mission \u00ab On n\u2019est pas couch\u00e9 \u00bb, sur le th\u00e8me : \u00ab le journalisme : de l\u2019information \u00e0 la manipulation \u00bb. Etre v\u00e9g\u00e9tarien et prendre un malin [&hellip;]<\/p>\n","protected":false},"author":1,"featured_media":0,"comment_status":"closed","ping_status":"closed","sticky":false,"template":"","format":"standard","meta":{"footnotes":""},"categories":[3],"tags":[],"class_list":["post-5106","post","type-post","status-publish","format-standard","hentry","category-conferences"],"_links":{"self":[{"href":"https:\/\/www.lagora-edhec.com\/index.php?rest_route=\/wp\/v2\/posts\/5106","targetHints":{"allow":["GET"]}}],"collection":[{"href":"https:\/\/www.lagora-edhec.com\/index.php?rest_route=\/wp\/v2\/posts"}],"about":[{"href":"https:\/\/www.lagora-edhec.com\/index.php?rest_route=\/wp\/v2\/types\/post"}],"author":[{"embeddable":true,"href":"https:\/\/www.lagora-edhec.com\/index.php?rest_route=\/wp\/v2\/users\/1"}],"replies":[{"embeddable":true,"href":"https:\/\/www.lagora-edhec.com\/index.php?rest_route=%2Fwp%2Fv2%2Fcomments&post=5106"}],"version-history":[{"count":4,"href":"https:\/\/www.lagora-edhec.com\/index.php?rest_route=\/wp\/v2\/posts\/5106\/revisions"}],"predecessor-version":[{"id":5169,"href":"https:\/\/www.lagora-edhec.com\/index.php?rest_route=\/wp\/v2\/posts\/5106\/revisions\/5169"}],"wp:attachment":[{"href":"https:\/\/www.lagora-edhec.com\/index.php?rest_route=%2Fwp%2Fv2%2Fmedia&parent=5106"}],"wp:term":[{"taxonomy":"category","embeddable":true,"href":"https:\/\/www.lagora-edhec.com\/index.php?rest_route=%2Fwp%2Fv2%2Fcategories&post=5106"},{"taxonomy":"post_tag","embeddable":true,"href":"https:\/\/www.lagora-edhec.com\/index.php?rest_route=%2Fwp%2Fv2%2Ftags&post=5106"}],"curies":[{"name":"wp","href":"https:\/\/api.w.org\/{rel}","templated":true}]}}