{"id":5008,"date":"2015-01-30T19:19:09","date_gmt":"2015-01-30T17:19:09","guid":{"rendered":"http:\/\/www.lagora-edhec.com\/?p=5008"},"modified":"2015-02-25T20:58:37","modified_gmt":"2015-02-25T18:58:37","slug":"lagora-recoit-xavier-bertrand","status":"publish","type":"post","link":"https:\/\/www.lagora-edhec.com\/?p=5008","title":{"rendered":"L&rsquo;Agora re\u00e7oit Xavier Bertrand"},"content":{"rendered":"<p style=\"text-align: center;\"><strong>L&rsquo;Agora re\u00e7oit Xavier Bertrand<\/strong><\/p>\n<p style=\"text-align: justify;\"><img fetchpriority=\"high\" decoding=\"async\" src=\"https:\/\/www.lagora-edhec.com\/wp-content\/uploads\/xavou.jpg\" alt=\"Xavier Bertrand\" width=\"234\" height=\"330\" class=\"alignleft size-medium wp-image-4668\" \/>Le 26 janvier 2015, l\u2019Agora a le plaisir de recevoir \u00e0 sa tribune Xavier Bertrand pour une conf\u00e9rence sur le th\u00e8me \u00ab2012-2017 : une droite maladroite ? \u00bb. Notre invit\u00e9 viendra nous livrer son opinion de l\u2019avenir politique de l\u2019UMP.<\/p>\n<p style=\"text-align: justify;\">Militant RPR d\u00e8s ses 16 ans, Xavier Bertrand est aujourd\u2019hui membre de l\u2019UMP, et a \u00e9t\u00e9, de 2004 \u00e0 2007, Secr\u00e9taire d\u2019Etat \u00e0 l\u2019Assurance maladie puis Ministre de la Sant\u00e9 et des Solidarit\u00e9s, mandat pendant lequel il a notamment port\u00e9  l\u2019interdiction de fumer dans les lieux publics. En 2007, Xavier Bertrand devient Ministre du Travail, des Relations Sociales, de la Famille et de la Solidarit\u00e9 sous le gouvernement Fillon. Il est alors charg\u00e9 de n\u00e9gocier d\u2019importantes r\u00e9formes sociales comme la loi portant r\u00e9novation de la d\u00e9mocratie sociale et r\u00e9forme du temps de travail. Il  quitte le gouvernement en 2009 pour devenir Secr\u00e9taire g\u00e9n\u00e9ral de l\u2019UMP. Entre 2010 et 2012,  il est nomm\u00e9 Ministre du Travail, de l\u2019Emploi et de la Sant\u00e9. Il est charg\u00e9 activer des m\u00e9canismes tels que l\u2019activit\u00e9 partielle et le d\u00e9veloppement des contrats aid\u00e9s contribuant \u00e0 contenir la mont\u00e9e du ch\u00f4mage. <\/p>\n<p style=\"text-align: justify;\">Quel est l\u2019avenir politique de la droite aujourd\u2019hui ? Faut- il encore croire en l\u2019id\u00e9al d\u2019une droite gaulliste ? Dans le contexte actuel, quelles solutions propose la droite ?  <\/p>\n<p style=\"text-align: justify;\">Xavier Bertrand r\u00e9pondra \u00e0 toutes ces questions lundi 26 janvier \u00e0 18h, dans l\u2019Auditorium de l\u2019EDHEC Business School pour une conf\u00e9rence de l\u2019Agora sur le th\u00e8me \u00ab2012-2017 : une droite maladroite ?\u00bb.<\/p>\n<p><iframe src=\"\/\/player.vimeo.com\/video\/117918823\" width=\"500\" height=\"281\" frameborder=\"0\" webkitallowfullscreen mozallowfullscreen allowfullscreen><\/iframe><\/p>\n<p style=\"text-align: center;\">Lundi 26 janvier 2015 \u00e0 18h00<br \/>\nENTREE LIBRE<br \/>\nAuditorium, EDHEC Business School<br \/>\n372 Rue Verte, 59170 Croix<\/p>\n","protected":false},"excerpt":{"rendered":"<p>L&rsquo;Agora re\u00e7oit Xavier Bertrand Le 26 janvier 2015, l\u2019Agora a le plaisir de recevoir \u00e0 sa tribune Xavier Bertrand pour une conf\u00e9rence sur le th\u00e8me \u00ab2012-2017 : une droite maladroite ? \u00bb. Notre invit\u00e9 viendra nous livrer son opinion de l\u2019avenir politique de l\u2019UMP. Militant RPR d\u00e8s ses 16 ans, Xavier Bertrand est aujourd\u2019hui membre [&hellip;]<\/p>\n","protected":false},"author":1,"featured_media":0,"comment_status":"closed","ping_status":"closed","sticky":false,"template":"","format":"standard","meta":{"footnotes":""},"categories":[3],"tags":[],"class_list":["post-5008","post","type-post","status-publish","format-standard","hentry","category-conferences"],"_links":{"self":[{"href":"https:\/\/www.lagora-edhec.com\/index.php?rest_route=\/wp\/v2\/posts\/5008","targetHints":{"allow":["GET"]}}],"collection":[{"href":"https:\/\/www.lagora-edhec.com\/index.php?rest_route=\/wp\/v2\/posts"}],"about":[{"href":"https:\/\/www.lagora-edhec.com\/index.php?rest_route=\/wp\/v2\/types\/post"}],"author":[{"embeddable":true,"href":"https:\/\/www.lagora-edhec.com\/index.php?rest_route=\/wp\/v2\/users\/1"}],"replies":[{"embeddable":true,"href":"https:\/\/www.lagora-edhec.com\/index.php?rest_route=%2Fwp%2Fv2%2Fcomments&post=5008"}],"version-history":[{"count":2,"href":"https:\/\/www.lagora-edhec.com\/index.php?rest_route=\/wp\/v2\/posts\/5008\/revisions"}],"predecessor-version":[{"id":5079,"href":"https:\/\/www.lagora-edhec.com\/index.php?rest_route=\/wp\/v2\/posts\/5008\/revisions\/5079"}],"wp:attachment":[{"href":"https:\/\/www.lagora-edhec.com\/index.php?rest_route=%2Fwp%2Fv2%2Fmedia&parent=5008"}],"wp:term":[{"taxonomy":"category","embeddable":true,"href":"https:\/\/www.lagora-edhec.com\/index.php?rest_route=%2Fwp%2Fv2%2Fcategories&post=5008"},{"taxonomy":"post_tag","embeddable":true,"href":"https:\/\/www.lagora-edhec.com\/index.php?rest_route=%2Fwp%2Fv2%2Ftags&post=5008"}],"curies":[{"name":"wp","href":"https:\/\/api.w.org\/{rel}","templated":true}]}}