{"id":4979,"date":"2015-01-18T17:14:36","date_gmt":"2015-01-18T15:14:36","guid":{"rendered":"http:\/\/www.lagora-edhec.com\/?p=4979"},"modified":"2015-02-25T21:01:15","modified_gmt":"2015-02-25T19:01:15","slug":"lagora-recoit-jean-veil-et-herve-temime","status":"publish","type":"post","link":"https:\/\/www.lagora-edhec.com\/?p=4979","title":{"rendered":"L&rsquo;Agora re\u00e7oit Jean Veil et Herv\u00e9 T\u00e9mime"},"content":{"rendered":"<p style=\"text-align: center;\"><strong>L&rsquo;Agora re\u00e7oit Jean Veil et Herv\u00e9 T\u00e9mime<\/strong><\/p>\n<p style=\"text-align: justify;\"><img fetchpriority=\"high\" decoding=\"async\" src=\"https:\/\/www.lagora-edhec.com\/wp-content\/uploads\/Affiche_TV2.png\" alt=\"affiche_conf\u00e9rence10\" width=\"234\" height=\"330\" class=\"alignleft size-medium wp-image-4668\" \/>Mardi 13 Janvier prochain, l\u2019Agora a le plaisir de recevoir \u00e0 sa tribune Jean Veil et Herv\u00e9 T\u00e9mime, deux grands avocats fran\u00e7ais, sur le th\u00e8me \u00ab Bien conna\u00eetre la loi ou bien conna\u00eetre le juge ? \u00bb En t\u00eate du classement 2014 des 30 avocats les plus puissants de France du magazine GQ, Jean Veil et Herv\u00e9 T\u00e9mime viendront d\u00e9battre sur la question de l\u2019infaillibilit\u00e9 judiciaire. <\/p>\n<p style=\"text-align: justify;\">Commandeur de l\u2019Ordre de la L\u00e9gion d\u2019honneur et chevalier de l\u2019ordre national du m\u00e9rite, Jean Veil a notamment d\u00e9fendu Jacques Chirac dans le dossier des emplois fictifs pr\u00e9sum\u00e9s de la Mairie de Paris mais aussi J\u00e9r\u00f4me Cahuzac plus r\u00e9cemment. De son c\u00f4t\u00e9, Herv\u00e9 T\u00e9mime, inscrit au barreau de Paris depuis 1983, a r\u00e9cemment \u00e9t\u00e9 l\u2019auteur d\u2019un ouvrage autobiographique, \u00ab\u00a0La D\u00e9fense dans la peau\u00a0\u00bb, dans lequel il retrace son parcours d\u2019avocat et sa passion pour la justice. Il est intervenu dans de nombreux proc\u00e8s m\u00e9diatiques comme dans les affaires Bettencourt ou Polanski.  <\/p>\n<p style=\"text-align: justify;\">Peut-on d\u00e9fendre l\u2019ind\u00e9fendable ? La justice passe-t-elle parfois par le mensonge ? La justice n\u2019est-elle pas trop souvent confront\u00e9e \u00e0 un probl\u00e8me d\u2019\u00e9thique ?  <\/p>\n<p style=\"text-align: justify;\">Jean Veil et Herv\u00e9 T\u00e9mime, r\u00e9pondront \u00e0 toutes ces questions et nous livreront leur opinion sur le fonctionnement de la justice fran\u00e7aise le mardi 13 janvier \u00e0 18h, dans l\u2019Auditorium de l\u2019EDHEC Business School pour une conf\u00e9rence de l\u2019Agora.<\/p>\n<p><iframe src=\"\/\/player.vimeo.com\/video\/119537379\" width=\"500\" height=\"281\" frameborder=\"0\" webkitallowfullscreen mozallowfullscreen allowfullscreen><\/iframe><\/p>\n<p style=\"text-align: center;\">Mardi 13 janvier 2015 \u00e0 18h00<br \/>\nENTREE LIBRE<br \/>\nAuditorium, EDHEC Business School<br \/>\n372 Rue Verte, 59170 Croix<\/p>\n","protected":false},"excerpt":{"rendered":"<p>L&rsquo;Agora re\u00e7oit Jean Veil et Herv\u00e9 T\u00e9mime Mardi 13 Janvier prochain, l\u2019Agora a le plaisir de recevoir \u00e0 sa tribune Jean Veil et Herv\u00e9 T\u00e9mime, deux grands avocats fran\u00e7ais, sur le th\u00e8me \u00ab Bien conna\u00eetre la loi ou bien conna\u00eetre le juge ? \u00bb En t\u00eate du classement 2014 des 30 avocats les plus puissants [&hellip;]<\/p>\n","protected":false},"author":1,"featured_media":0,"comment_status":"closed","ping_status":"closed","sticky":false,"template":"","format":"standard","meta":{"footnotes":""},"categories":[3],"tags":[],"class_list":["post-4979","post","type-post","status-publish","format-standard","hentry","category-conferences"],"_links":{"self":[{"href":"https:\/\/www.lagora-edhec.com\/index.php?rest_route=\/wp\/v2\/posts\/4979","targetHints":{"allow":["GET"]}}],"collection":[{"href":"https:\/\/www.lagora-edhec.com\/index.php?rest_route=\/wp\/v2\/posts"}],"about":[{"href":"https:\/\/www.lagora-edhec.com\/index.php?rest_route=\/wp\/v2\/types\/post"}],"author":[{"embeddable":true,"href":"https:\/\/www.lagora-edhec.com\/index.php?rest_route=\/wp\/v2\/users\/1"}],"replies":[{"embeddable":true,"href":"https:\/\/www.lagora-edhec.com\/index.php?rest_route=%2Fwp%2Fv2%2Fcomments&post=4979"}],"version-history":[{"count":4,"href":"https:\/\/www.lagora-edhec.com\/index.php?rest_route=\/wp\/v2\/posts\/4979\/revisions"}],"predecessor-version":[{"id":5035,"href":"https:\/\/www.lagora-edhec.com\/index.php?rest_route=\/wp\/v2\/posts\/4979\/revisions\/5035"}],"wp:attachment":[{"href":"https:\/\/www.lagora-edhec.com\/index.php?rest_route=%2Fwp%2Fv2%2Fmedia&parent=4979"}],"wp:term":[{"taxonomy":"category","embeddable":true,"href":"https:\/\/www.lagora-edhec.com\/index.php?rest_route=%2Fwp%2Fv2%2Fcategories&post=4979"},{"taxonomy":"post_tag","embeddable":true,"href":"https:\/\/www.lagora-edhec.com\/index.php?rest_route=%2Fwp%2Fv2%2Ftags&post=4979"}],"curies":[{"name":"wp","href":"https:\/\/api.w.org\/{rel}","templated":true}]}}