{"id":4974,"date":"2015-01-18T17:04:18","date_gmt":"2015-01-18T15:04:18","guid":{"rendered":"http:\/\/www.lagora-edhec.com\/?p=4974"},"modified":"2015-02-25T21:05:32","modified_gmt":"2015-02-25T19:05:32","slug":"lagora-recoit-cecile-duflot","status":"publish","type":"post","link":"https:\/\/www.lagora-edhec.com\/?p=4974","title":{"rendered":"L&rsquo;Agora re\u00e7oit C\u00e9cile Duflot"},"content":{"rendered":"<p style=\"text-align: center;\"><strong>L&rsquo;Agora re\u00e7oit C\u00e9cile Duflot<\/strong><\/p>\n<p style=\"text-align: justify;\"><img fetchpriority=\"high\" decoding=\"async\" src=\"https:\/\/www.lagora-edhec.com\/wp-content\/uploads\/affiche_duflot.jpg\" alt=\"affiche_conf\u00e9rence10\" width=\"234\" height=\"330\" class=\"alignleft size-medium wp-image-4668\" \/>Le 8 d\u00e9cembre prochain, l\u2019Agora a le plaisir de recevoir \u00e0 sa tribune C\u00e9cile Duflot, ancienne Ministre du logement et ex-secr\u00e9taire nationale du parti Europe \u00c9cologie Les Verts, sur le th\u00e8me \u00ab La gauche peut-elle gouverner sans d\u00e9sillusions ? \u00bb. A l\u2019occasion de la sortie de son livre De l&rsquo;int\u00e9rieur, voyage au pays de la d\u00e9sillusion, C\u00e9cile Duflot, viendra nous livrer son analyse critique de la politique int\u00e9rieure.<\/p>\n<p style=\"text-align: justify;\">Eternelle frondeuse, la d\u00e9put\u00e9 de la 6e circonscription de Paris, ne cesse de clamer sans langue de bois ses d\u00e9saccords avec le gouvernement. A commencer par sa position en faveur de la d\u00e9p\u00e9nalisation du cannabis ou encore son conflit avec Manuel Valls. Elle l\u2019a en effet qualifi\u00e9 de \u00ab danger pour le pacte r\u00e9publicain \u00bb lorsqu\u2019il s\u2019est exprim\u00e9 en faveur du d\u00e9mant\u00e8lement de campements Roms.<\/p>\n<p style=\"text-align: justify;\">Plus r\u00e9cemment, C\u00e9cile Duflot a demand\u00e9 \u00e0 l\u2019Assembl\u00e9e nationale une minute de silence en m\u00e9moire de R\u00e9mi Fraisse, mort sur le site contest\u00e9 de Sivens, consid\u00e9r\u00e9 comme une menace pour l\u2019\u00e9cosyst\u00e8me. L\u2019hommage a \u00e9t\u00e9 refus\u00e9, car dans l\u2019h\u00e9micycle, celui-ci est r\u00e9serv\u00e9 aux forces arm\u00e9es et aux otages.<\/p>\n<p style=\"text-align: justify;\">Quel avenir politique pour l\u2019\u00e9cologie ? Le gouvernement actuel prend-t-il la bonne direction ? Que doit-on attendre de 2017 de la part des \u00e9cologistes ?<br \/>\nC\u00e9cile Duflot, r\u00e9pondra \u00e0 toutes ces questions lundi 8 d\u00e9cembre \u00e0 18h, dans l\u2019Auditorium de l\u2019EDHEC Business School pour une conf\u00e9rence de l\u2019Agora.<\/p>\n<p><iframe src=\"\/\/player.vimeo.com\/video\/114194377\" width=\"500\" height=\"281\" frameborder=\"0\" webkitallowfullscreen mozallowfullscreen allowfullscreen><\/iframe><\/p>\n<p style=\"text-align: center;\">Lundi 8 d\u00e9cembre \u00e0 18h00 2014 \u00e0 18h00<br \/>\nENTREE LIBRE<br \/>\nAuditorium, EDHEC Business School<br \/>\n372 Rue Verte, 59170 Croix<\/p>\n","protected":false},"excerpt":{"rendered":"<p>L&rsquo;Agora re\u00e7oit C\u00e9cile Duflot Le 8 d\u00e9cembre prochain, l\u2019Agora a le plaisir de recevoir \u00e0 sa tribune C\u00e9cile Duflot, ancienne Ministre du logement et ex-secr\u00e9taire nationale du parti Europe \u00c9cologie Les Verts, sur le th\u00e8me \u00ab La gauche peut-elle gouverner sans d\u00e9sillusions ? \u00bb. A l\u2019occasion de la sortie de son livre De l&rsquo;int\u00e9rieur, voyage [&hellip;]<\/p>\n","protected":false},"author":1,"featured_media":0,"comment_status":"closed","ping_status":"closed","sticky":false,"template":"","format":"standard","meta":{"footnotes":""},"categories":[3],"tags":[],"class_list":["post-4974","post","type-post","status-publish","format-standard","hentry","category-conferences"],"_links":{"self":[{"href":"https:\/\/www.lagora-edhec.com\/index.php?rest_route=\/wp\/v2\/posts\/4974","targetHints":{"allow":["GET"]}}],"collection":[{"href":"https:\/\/www.lagora-edhec.com\/index.php?rest_route=\/wp\/v2\/posts"}],"about":[{"href":"https:\/\/www.lagora-edhec.com\/index.php?rest_route=\/wp\/v2\/types\/post"}],"author":[{"embeddable":true,"href":"https:\/\/www.lagora-edhec.com\/index.php?rest_route=\/wp\/v2\/users\/1"}],"replies":[{"embeddable":true,"href":"https:\/\/www.lagora-edhec.com\/index.php?rest_route=%2Fwp%2Fv2%2Fcomments&post=4974"}],"version-history":[{"count":4,"href":"https:\/\/www.lagora-edhec.com\/index.php?rest_route=\/wp\/v2\/posts\/4974\/revisions"}],"predecessor-version":[{"id":4980,"href":"https:\/\/www.lagora-edhec.com\/index.php?rest_route=\/wp\/v2\/posts\/4974\/revisions\/4980"}],"wp:attachment":[{"href":"https:\/\/www.lagora-edhec.com\/index.php?rest_route=%2Fwp%2Fv2%2Fmedia&parent=4974"}],"wp:term":[{"taxonomy":"category","embeddable":true,"href":"https:\/\/www.lagora-edhec.com\/index.php?rest_route=%2Fwp%2Fv2%2Fcategories&post=4974"},{"taxonomy":"post_tag","embeddable":true,"href":"https:\/\/www.lagora-edhec.com\/index.php?rest_route=%2Fwp%2Fv2%2Ftags&post=4974"}],"curies":[{"name":"wp","href":"https:\/\/api.w.org\/{rel}","templated":true}]}}