{"id":3804,"date":"2013-04-22T16:46:06","date_gmt":"2013-04-22T14:46:06","guid":{"rendered":"http:\/\/www.lagora-edhec.com\/?p=3804"},"modified":"2015-06-14T23:38:10","modified_gmt":"2015-06-14T21:38:10","slug":"lagora-recoit-alain-minc","status":"publish","type":"post","link":"https:\/\/www.lagora-edhec.com\/?p=3804","title":{"rendered":"L&rsquo;Agora re\u00e7oit Alain Minc"},"content":{"rendered":"<p style=\"text-align: justify;\"><a href=\"https:\/\/www.lagora-edhec.com\/wp-content\/uploads\/Mincdeux.jpg\"><img fetchpriority=\"high\" decoding=\"async\" src=\"https:\/\/www.lagora-edhec.com\/wp-content\/uploads\/Mincdeux-212x300.jpg\" alt=\"L&#039;Agora re\u00e7oit Alain Minc\" width=\"212\" height=\"300\" class=\"alignleft size-medium wp-image-3805\" \/><\/a>Souvenez-vous, d\u00e9cembre 2012, de sombres oracles proph\u00e9tisaient l&rsquo;effondrement des soci\u00e9t\u00e9s, la fin de l&rsquo;humanit\u00e9, le d\u00e9but des pleurs et des grincements de dents! Depuis, cinq mois ont pass\u00e9 et l&rsquo;Agora, pour sa 100 \u00e8me conf\u00e9rence et la cl\u00f4ture de sa saison 2012-2013, vous invite \u00e0 faire le point.<\/p>\n<p style=\"text-align: justify;\">Alors qu\u2019au terme de la premi\u00e8re partie de l\u2019ann\u00e9e 2013, un an apr\u00e8s son institution, le gouvernement et le chef de l&rsquo;Etat peinent \u00e0 enrayer la chute de leur popularit\u00e9, l\u2019heure est en effet venue de dresser un\u00a0premier bilan. Politiques \u00e9conomiques et sociales en d\u00e9bat, succ\u00e8s au Mali, que retenir des six derniers mois ? Quels seront les enjeux pour l\u2019\u00e9t\u00e9 ?<\/p>\n<p style=\"text-align: justify;\">Pour dresser un bilan avis\u00e9, l\u2019Agora a choisi d\u2019inviter <strong>Alain Minc<\/strong>. Essayiste, conseiller politique, \u00e9conomiste et dirigeant d\u2019entreprise, Alain Minc multiplie les casquettes et nous proposera sa lecture des \u00e9v\u00e8nements r\u00e9cents. Apr\u00e8s l\u2019ENA, l\u2019inspection des finances et apr\u00e8s avoir pr\u00e9sid\u00e9 la Soci\u00e9t\u00e9 des lecteurs du Monde, il est aujourd\u2019hui \u00e0 la t\u00eate d\u2019AM Conseil et de SANEF. Il continue d\u2019exprimer ses avis, incite Francois Hollande \u00e0 entamer son \u00ab tournant de la rigueur \u00bb, encourage le renforcement des liens franco-am\u00e9ricains.<\/p>\n<p style=\"text-align: justify;\">Cette rencontre sera donc l\u2019occasion de faire un bilan sur la situation \u00e9conomique, politique et sociale actuelle, et d\u2019approfondir les positions de cet ancien conseiller de Nicolas Sarkozy.<\/p>\n<p style=\"text-align: center;\"><strong>ENTREE LIBRE<\/strong><br \/>\n<strong>Mardi 27 novembre \u00e0 18H dans l&rsquo;Auditorium<\/strong><br \/>\nEDHEC Business School<br \/>\n372, Rue Verte<br \/>\n59170 Croix<\/p>\n<p>Trailer de l&rsquo;\u00e9v\u00e9nement:<\/p>\n<p><iframe src=\"http:\/\/www.dailymotion.com\/embed\/video\/xz855g\" height=\"270\" width=\"480\" frameborder=\"0\"><\/iframe><br \/>\n<a href=\"http:\/\/www.dailymotion.com\/video\/xz855g_trailer-conference-alain-minc-l-agora_news\" target=\"_blank\"><br \/>\n<\/a><i><\/i><br \/>\n<iframe src=\"https:\/\/player.vimeo.com\/video\/115604293\" width=\"500\" height=\"281\" frameborder=\"0\" webkitallowfullscreen mozallowfullscreen allowfullscreen><\/iframe><\/p>\n","protected":false},"excerpt":{"rendered":"<p>Souvenez-vous, d\u00e9cembre 2012, de sombres oracles proph\u00e9tisaient l&rsquo;effondrement des soci\u00e9t\u00e9s, la fin de l&rsquo;humanit\u00e9, le d\u00e9but des pleurs et des grincements de dents! Depuis, cinq mois ont pass\u00e9 et l&rsquo;Agora, pour sa 100 \u00e8me conf\u00e9rence et la cl\u00f4ture de sa saison 2012-2013, vous invite \u00e0 faire le point. Alors qu\u2019au terme de la premi\u00e8re partie [&hellip;]<\/p>\n","protected":false},"author":1,"featured_media":3805,"comment_status":"closed","ping_status":"closed","sticky":false,"template":"","format":"standard","meta":{"footnotes":""},"categories":[138,3],"tags":[],"class_list":["post-3804","post","type-post","status-publish","format-standard","has-post-thumbnail","hentry","category-conferences-2012-2013","category-conferences"],"_links":{"self":[{"href":"https:\/\/www.lagora-edhec.com\/index.php?rest_route=\/wp\/v2\/posts\/3804","targetHints":{"allow":["GET"]}}],"collection":[{"href":"https:\/\/www.lagora-edhec.com\/index.php?rest_route=\/wp\/v2\/posts"}],"about":[{"href":"https:\/\/www.lagora-edhec.com\/index.php?rest_route=\/wp\/v2\/types\/post"}],"author":[{"embeddable":true,"href":"https:\/\/www.lagora-edhec.com\/index.php?rest_route=\/wp\/v2\/users\/1"}],"replies":[{"embeddable":true,"href":"https:\/\/www.lagora-edhec.com\/index.php?rest_route=%2Fwp%2Fv2%2Fcomments&post=3804"}],"version-history":[{"count":20,"href":"https:\/\/www.lagora-edhec.com\/index.php?rest_route=\/wp\/v2\/posts\/3804\/revisions"}],"predecessor-version":[{"id":5141,"href":"https:\/\/www.lagora-edhec.com\/index.php?rest_route=\/wp\/v2\/posts\/3804\/revisions\/5141"}],"wp:featuredmedia":[{"embeddable":true,"href":"https:\/\/www.lagora-edhec.com\/index.php?rest_route=\/wp\/v2\/media\/3805"}],"wp:attachment":[{"href":"https:\/\/www.lagora-edhec.com\/index.php?rest_route=%2Fwp%2Fv2%2Fmedia&parent=3804"}],"wp:term":[{"taxonomy":"category","embeddable":true,"href":"https:\/\/www.lagora-edhec.com\/index.php?rest_route=%2Fwp%2Fv2%2Fcategories&post=3804"},{"taxonomy":"post_tag","embeddable":true,"href":"https:\/\/www.lagora-edhec.com\/index.php?rest_route=%2Fwp%2Fv2%2Ftags&post=3804"}],"curies":[{"name":"wp","href":"https:\/\/api.w.org\/{rel}","templated":true}]}}