{"id":3777,"date":"2013-03-19T16:01:47","date_gmt":"2013-03-19T14:01:47","guid":{"rendered":"http:\/\/www.lagora-edhec.com\/?p=3777"},"modified":"2015-06-14T23:46:18","modified_gmt":"2015-06-14T21:46:18","slug":"lagora-recoit-me-eric-dupond-moretti-et-me-thierry-herzog","status":"publish","type":"post","link":"https:\/\/www.lagora-edhec.com\/?p=3777","title":{"rendered":"L&rsquo;Agora re\u00e7oit Me \u00c9ric Dupond-Moretti et Me Thierry Herzog"},"content":{"rendered":"<p style=\"text-align: justify;\"><a href=\"https:\/\/www.lagora-edhec.com\/wp-content\/uploads\/DPMH1_redimFB.png\"><img fetchpriority=\"high\" decoding=\"async\" src=\"https:\/\/www.lagora-edhec.com\/wp-content\/uploads\/DPMH1_redimFB-212x300.png\" alt=\"DPMH(1)_redimFB\" width=\"212\" height=\"300\" class=\"alignleft size-medium wp-image-3779\" srcset=\"https:\/\/www.lagora-edhec.com\/wp-content\/uploads\/DPMH1_redimFB-212x300.png 212w, https:\/\/www.lagora-edhec.com\/wp-content\/uploads\/DPMH1_redimFB.png 852w\" sizes=\"(max-width: 212px) 100vw, 212px\" \/><\/a>Ces deux illustres personnages figurent parmi le cercle tr\u00e8s ferm\u00e9 de la vingtaine de \u201ct\u00e9nors du barreau\u201d.<\/p>\n<p style=\"text-align: justify;\">Avocats mythiques et influents, ces hommes en noir se partagent grandes affaires et gros clients. Affaire Clearstream, d\u2019Outreau, Karabatic, Merah et beaucoup d\u2019autres animent l\u2019Acquittador et le Chevalier de la L\u00e9gion d\u2019honneur.<\/p>\n<p style=\"text-align: justify;\">Au confluent des pr\u00e9toires et du pouvoir,\u00a0<strong>Thierry Herzog<\/strong>\u00a0est l\u2019avocat de l\u2019ancien chef de l\u2019\u00e9tat Nicolas Sarkozy, consid\u00e9r\u00e9 comme \u00e9tant son \u201calter ego\u201d judiciaire.<\/p>\n<p style=\"text-align: justify;\">Aussi m\u00e9diatique que myst\u00e9rieux\u00a0<strong>\u00c9ric Dupond-Moretti<\/strong>, lui, peste contre l\u2019absence totale de culture du doute en France, et attaque dans sa \u00ab\u00a0B\u00eate noire\u00a0\u00bb l\u2019appareil judiciaire Fran\u00e7ais.<\/p>\n<p style=\"text-align: justify;\">L\u2019un et l\u2019autre se sont tr\u00e8s vite fait conna\u00eetre pour leur talent d\u2019orateur, et c\u2019est avec eux que nous discuterons de l\u2019\u00e9tat de la justice en France.<\/p>\n<p style=\"text-align: justify;\">Nous aurions donc le plaisir de vous recevoir le\u00a0<strong>lundi 25 mars \u00e0 18h dans l\u2019auditorium de l\u2019EDHEC Business School<\/strong>\u00a0pour assister \u00e0 ces instants de d\u00e9bat.\u00a0Cette conf\u00e9rence, sous forme interactive, sera l\u2019occasion pour tout participant d\u2019interpeller, directement et sans d\u00e9tour, les intervenants du jour.<\/p>\n<p style=\"text-align: center;\"><strong>Lundi 25 mars \u00e0 18H<br \/>\nENTREE LIBRE<\/strong><br \/>\nAuditorium EDHEC Business School<br \/>\n372, rue Verte 59170 Croix<\/p>\n<p style=\"text-align: left;\">Trailer de l&rsquo;\u00e9v\u00e9nement :<\/p>\n<p><iframe src=\"http:\/\/www.dailymotion.com\/embed\/video\/xye7qp\" height=\"270\" width=\"480\" frameborder=\"0\"><\/iframe><br \/>\n<a href=\"http:\/\/www.dailymotion.com\/video\/xye7qp_trailer-deux-tenors-du-barreau_news\" target=\"_blank\"><br \/>\n<\/a><\/p>\n<p style=\"text-align: center;\"><strong>La vid\u00e9o de la conf\u00e9rence :<\/strong><\/p>\n<p><iframe src=\"https:\/\/player.vimeo.com\/video\/129991464\" width=\"500\" height=\"283\" frameborder=\"0\" webkitallowfullscreen mozallowfullscreen allowfullscreen><\/iframe><\/p>\n","protected":false},"excerpt":{"rendered":"<p>Ces deux illustres personnages figurent parmi le cercle tr\u00e8s ferm\u00e9 de la vingtaine de \u201ct\u00e9nors du barreau\u201d. Avocats mythiques et influents, ces hommes en noir se partagent grandes affaires et gros clients. Affaire Clearstream, d\u2019Outreau, Karabatic, Merah et beaucoup d\u2019autres animent l\u2019Acquittador et le Chevalier de la L\u00e9gion d\u2019honneur. Au confluent des pr\u00e9toires et du [&hellip;]<\/p>\n","protected":false},"author":1,"featured_media":3775,"comment_status":"closed","ping_status":"closed","sticky":false,"template":"","format":"standard","meta":{"footnotes":""},"categories":[138,3],"tags":[],"class_list":["post-3777","post","type-post","status-publish","format-standard","has-post-thumbnail","hentry","category-conferences-2012-2013","category-conferences"],"_links":{"self":[{"href":"https:\/\/www.lagora-edhec.com\/index.php?rest_route=\/wp\/v2\/posts\/3777","targetHints":{"allow":["GET"]}}],"collection":[{"href":"https:\/\/www.lagora-edhec.com\/index.php?rest_route=\/wp\/v2\/posts"}],"about":[{"href":"https:\/\/www.lagora-edhec.com\/index.php?rest_route=\/wp\/v2\/types\/post"}],"author":[{"embeddable":true,"href":"https:\/\/www.lagora-edhec.com\/index.php?rest_route=\/wp\/v2\/users\/1"}],"replies":[{"embeddable":true,"href":"https:\/\/www.lagora-edhec.com\/index.php?rest_route=%2Fwp%2Fv2%2Fcomments&post=3777"}],"version-history":[{"count":10,"href":"https:\/\/www.lagora-edhec.com\/index.php?rest_route=\/wp\/v2\/posts\/3777\/revisions"}],"predecessor-version":[{"id":5151,"href":"https:\/\/www.lagora-edhec.com\/index.php?rest_route=\/wp\/v2\/posts\/3777\/revisions\/5151"}],"wp:featuredmedia":[{"embeddable":true,"href":"https:\/\/www.lagora-edhec.com\/index.php?rest_route=\/wp\/v2\/media\/3775"}],"wp:attachment":[{"href":"https:\/\/www.lagora-edhec.com\/index.php?rest_route=%2Fwp%2Fv2%2Fmedia&parent=3777"}],"wp:term":[{"taxonomy":"category","embeddable":true,"href":"https:\/\/www.lagora-edhec.com\/index.php?rest_route=%2Fwp%2Fv2%2Fcategories&post=3777"},{"taxonomy":"post_tag","embeddable":true,"href":"https:\/\/www.lagora-edhec.com\/index.php?rest_route=%2Fwp%2Fv2%2Ftags&post=3777"}],"curies":[{"name":"wp","href":"https:\/\/api.w.org\/{rel}","templated":true}]}}