{"id":3747,"date":"2013-02-05T16:38:53","date_gmt":"2013-02-05T14:38:53","guid":{"rendered":"http:\/\/www.lagora-edhec.com\/?p=3747"},"modified":"2015-06-14T23:48:20","modified_gmt":"2015-06-14T21:48:20","slug":"lagora-recoit-francois-baroin","status":"publish","type":"post","link":"https:\/\/www.lagora-edhec.com\/?p=3747","title":{"rendered":"L&rsquo;Agora re\u00e7oit Fran\u00e7ois Baroin"},"content":{"rendered":"<p>&nbsp;<\/p>\n<p style=\"text-align: justify;\"><a href=\"https:\/\/www.lagora-edhec.com\/wp-content\/uploads\/Affiche-Baroin-moyenne-qualit\u00e9.jpg\"><img fetchpriority=\"high\" decoding=\"async\" src=\"https:\/\/www.lagora-edhec.com\/wp-content\/uploads\/Affiche-Baroin-moyenne-qualit\u00e9-212x300.jpg\" alt=\"Fran\u00e7ois Baroin\" width=\"212\" height=\"300\" class=\"alignleft size-medium wp-image-3748\" \/><\/a>L\u2019Agora, la tribune \u00e9tudiante de l\u2019EDHEC Business School, vous invite \u00e0 rencontrer <strong>Monsieur\u00a0Fran\u00e7ois Baroin\u00a0le\u00a0lundi 18 f\u00e9vrier 2013 \u00e0 17h<\/strong> dans l\u2019amphith\u00e9\u00e2tre modulable du campus de l\u2019<strong>EDHEC \u00e0 Nice<\/strong>.<\/P><\/p>\n<p style=\"text-align: justify;\">Si Ath\u00e8nes est le berceau de la d\u00e9mocratie en Europe, elle est aussi celui de la crise des dettes souveraines qui s\u2019est abattue sur le continent depuis 2010. Entre temps, le \u00ab\u00a0Fonds europ\u00e9en de stabilit\u00e9 financi\u00e8re\u00a0\u00bb (FESF) a \u00e9t\u00e9 cr\u00e9\u00e9, les plans de sauvetage se sont succ\u00e9d\u00e9s, des programmes d\u2019aust\u00e9rit\u00e9 financi\u00e8re ont \u00e9t\u00e9 appliqu\u00e9s, des accords ont \u00e9t\u00e9 trouv\u00e9s.<\/P><\/p>\n<p style=\"text-align: justify;\">Pour autant, l\u2019agence de notation S&amp;P d\u00e9gradait la note souveraine de la France de AAA \u00e0 AA+ avec implication n\u00e9gative le 13 janvier 2012. Le 19 novembre 2012, sa cons\u0153ur Moody&rsquo;s annon\u00e7ait \u00e0 son tour l\u2019abaissement de la note souveraine fran\u00e7aise de AAA \u00e0 AA1. Aucun pays de la zone euro n\u2019a \u00e9t\u00e9 \u00e9pargn\u00e9, et la p\u00e9rennit\u00e9 de la monnaie commune a \u00e9t\u00e9 mise en doute. Dans un m\u00eame temps, un nouvel ordre \u00e9conomique mondial est en passe de se r\u00e9aliser.<\/p>\n<p style=\"text-align: justify;\">Pour analyser la gestion de cette crise et son \u00e9volution, l\u2019Agora a convi\u00e9 l\u2019un de ses acteurs incontournables.<\/p>\n<p style=\"text-align: justify;\"><strong>Fran\u00e7ois Baroin<\/strong>, d\u00e9put\u00e9 de l\u2019Aube depuis 20 ans, maire de Troyes depuis 1995. Fran\u00e7ois Baroin a \u00e9galement exerc\u00e9 la fonction de Ministre du Budget puis des Finances de mars 2010 \u00e0 mai 2012, dont il partage son exp\u00e9rience dans l\u2019ouvrage \u00ab\u00a0<i>Journal de Crise<\/i>\u00a0\u00bb paru aux \u00e9ditions JC Latt\u00e8s en novembre 2012.<\/p>\n<p style=\"text-align: justify;\">Fort de ses hautes responsabilit\u00e9s \u00e0 Bercy, son t\u00e9moignage promet donc d\u2019\u00eatre riche en informations et en analyses sur la gestion politique de la crise.<\/P><\/p>\n<p style=\"text-align: justify;\">Cette rencontre, sous forme interactive, sera l\u2019occasion pour tout participant d\u2019interpeler, directement et sans d\u00e9tour, l\u2019intervenant du jour sur un th\u00e8me d\u2019actualit\u00e9 toujours br\u00fblant.<\/P><\/p>\n<p style=\"text-align: center;\"><strong>ENTREE LIBRE<\/strong><\/p>\n<p style=\"text-align: center;\">EDHEC Business School<br \/>\n393, Promenade des Anglais<br \/>\nAmphi 002<\/p>\n<p style=\"text-align: center;\">Trailer de l&rsquo;\u00e9v\u00e8nement<\/p>\n<p><iframe src=\"http:\/\/www.dailymotion.com\/embed\/video\/xx9ab5\" height=\"270\" width=\"480\" frameborder=\"0\"><\/iframe><br \/>\n<a href=\"http:\/\/www.dailymotion.com\/video\/xx9ab5_trailer-francois-baroin_school\" target=\"_blank\"><\/p>\n<p style=\"text-align: center;\"><strong>La vid\u00e9o de la conf\u00e9rence :<\/strong><\/p>\n<p><iframe src=\"https:\/\/player.vimeo.com\/video\/130621747\" width=\"500\" height=\"375\" frameborder=\"0\" webkitallowfullscreen mozallowfullscreen allowfullscreen><\/iframe><\/p>\n<p><\/a><i><\/i><\/p>\n","protected":false},"excerpt":{"rendered":"<p>&nbsp; L\u2019Agora, la tribune \u00e9tudiante de l\u2019EDHEC Business School, vous invite \u00e0 rencontrer Monsieur\u00a0Fran\u00e7ois Baroin\u00a0le\u00a0lundi 18 f\u00e9vrier 2013 \u00e0 17h dans l\u2019amphith\u00e9\u00e2tre modulable du campus de l\u2019EDHEC \u00e0 Nice. Si Ath\u00e8nes est le berceau de la d\u00e9mocratie en Europe, elle est aussi celui de la crise des dettes souveraines qui s\u2019est abattue sur le continent [&hellip;]<\/p>\n","protected":false},"author":1,"featured_media":3748,"comment_status":"closed","ping_status":"closed","sticky":false,"template":"","format":"standard","meta":{"footnotes":""},"categories":[138,3],"tags":[],"class_list":["post-3747","post","type-post","status-publish","format-standard","has-post-thumbnail","hentry","category-conferences-2012-2013","category-conferences"],"_links":{"self":[{"href":"https:\/\/www.lagora-edhec.com\/index.php?rest_route=\/wp\/v2\/posts\/3747","targetHints":{"allow":["GET"]}}],"collection":[{"href":"https:\/\/www.lagora-edhec.com\/index.php?rest_route=\/wp\/v2\/posts"}],"about":[{"href":"https:\/\/www.lagora-edhec.com\/index.php?rest_route=\/wp\/v2\/types\/post"}],"author":[{"embeddable":true,"href":"https:\/\/www.lagora-edhec.com\/index.php?rest_route=\/wp\/v2\/users\/1"}],"replies":[{"embeddable":true,"href":"https:\/\/www.lagora-edhec.com\/index.php?rest_route=%2Fwp%2Fv2%2Fcomments&post=3747"}],"version-history":[{"count":12,"href":"https:\/\/www.lagora-edhec.com\/index.php?rest_route=\/wp\/v2\/posts\/3747\/revisions"}],"predecessor-version":[{"id":5155,"href":"https:\/\/www.lagora-edhec.com\/index.php?rest_route=\/wp\/v2\/posts\/3747\/revisions\/5155"}],"wp:featuredmedia":[{"embeddable":true,"href":"https:\/\/www.lagora-edhec.com\/index.php?rest_route=\/wp\/v2\/media\/3748"}],"wp:attachment":[{"href":"https:\/\/www.lagora-edhec.com\/index.php?rest_route=%2Fwp%2Fv2%2Fmedia&parent=3747"}],"wp:term":[{"taxonomy":"category","embeddable":true,"href":"https:\/\/www.lagora-edhec.com\/index.php?rest_route=%2Fwp%2Fv2%2Fcategories&post=3747"},{"taxonomy":"post_tag","embeddable":true,"href":"https:\/\/www.lagora-edhec.com\/index.php?rest_route=%2Fwp%2Fv2%2Ftags&post=3747"}],"curies":[{"name":"wp","href":"https:\/\/api.w.org\/{rel}","templated":true}]}}