{"id":3673,"date":"2012-10-03T17:04:30","date_gmt":"2012-10-03T15:04:30","guid":{"rendered":"http:\/\/www.lagora-edhec.com\/?p=3673"},"modified":"2013-08-18T22:39:22","modified_gmt":"2013-08-18T20:39:22","slug":"lagora-recoit-christophe-barbier-2","status":"publish","type":"post","link":"https:\/\/www.lagora-edhec.com\/?p=3673","title":{"rendered":"L&rsquo;Agora re\u00e7oit Christophe Barbier"},"content":{"rendered":"<p style=\"text-align: justify;\"><a href=\"https:\/\/www.lagora-edhec.com\/wp-content\/uploads\/Affiche-Barbier-copie.jpg\"><img fetchpriority=\"high\" decoding=\"async\" src=\"https:\/\/www.lagora-edhec.com\/wp-content\/uploads\/Affiche-Barbier-copie-212x300.jpg\" alt=\"L&#039;Agora re\u00e7oit Christophe Barbier\" width=\"212\" height=\"300\" class=\"alignleft size-medium wp-image-3513\" \/><\/a>L\u2019Agora, la tribune \u00e9tudiante de l\u2019EDHEC Business School, vous invite \u00e0 rencontrer\u00a0<strong>Christophe Barbier<\/strong>\u00a0<strong>le mercredi 03 octobre \u00e0 18h<\/strong>\u00a0dans l\u2019amphith\u00e9\u00e2tre du campus de l\u2019EDHEC de Lille.<\/p>\n<p style=\"text-align: justify;\">Christophe Barbier fait partie de ces journalistes dont l\u2019importante m\u00e9diatisation a men\u00e9 \u00e0 la c\u00e9l\u00e9brit\u00e9.<\/p>\n<p style=\"text-align: justify;\">Omnipr\u00e9sent sur les plateaux de t\u00e9l\u00e9vision, de C dans l\u2019air sur France 5, aux plateaux d\u2019I-T\u00e9l\u00e9, le directeur de r\u00e9daction de l\u2019Express s\u2019exprime sur tous les sujets, pr\u00f4nant un journalisme non partisan mais engag\u00e9.<\/p>\n<p style=\"text-align: justify;\">Editorialiste et chroniqueur, il rencontre quotidiennement les acteurs principaux de la sc\u00e8ne politique fran\u00e7aise afin de d\u00e9crypter et d\u00e9battre des sujets qui font l\u2019actualit\u00e9. C\u2019est avec une exp\u00e9rience certaine et un point de vue unique que Christophe Barbier va nous faire d\u00e9couvrir les coulisses d\u2019un univers qui garde encore de nombreux secrets, celui du journalisme politique.Nous aurions donc le plaisir de vous recevoir le 03 octobre \u00e0 18h dans l\u2019auditorium de L\u2019EDHEC Business School pour assister \u00e0 ces instants intenses de d\u00e9bat qui seront suivis d\u2019une s\u00e9ance de d\u00e9dicaces.<\/p>\n<p style=\"text-align: center;\">Auditorium de l&rsquo;EDHEC Business School<\/p>\n<p style=\"text-align: center;\">372 rue verte, 59170 Croix<\/p>\n<p style=\"text-align: center;\"><strong>ENTREE LIBRE<\/strong><\/p>\n<p><strong><\/p>\n<p style=\"text-align: center;\">La vid\u00e9o de la conf\u00e9rence :<\/p>\n<p><\/strong><br \/>\n<iframe frameborder=\"0\" width=\"480\" height=\"270\" src=\"http:\/\/www.dailymotion.com\/embed\/video\/xvbzcb\"><\/iframe><br \/><a href=\"http:\/\/www.dailymotion.com\/video\/xvbzcb_l-agora-christophe-barbier_school\" target=\"_blank\">L&#039;Agora Christophe Barbier<\/a> <i>par <a href=\"http:\/\/www.dailymotion.com\/Agora_du_Nord\" target=\"_blank\">Agora_du_Nord<\/a><\/i><\/p>\n","protected":false},"excerpt":{"rendered":"<p>L\u2019Agora, la tribune \u00e9tudiante de l\u2019EDHEC Business School, vous invite \u00e0 rencontrer\u00a0Christophe Barbier\u00a0le mercredi 03 octobre \u00e0 18h\u00a0dans l\u2019amphith\u00e9\u00e2tre du campus de l\u2019EDHEC de Lille. Christophe Barbier fait partie de ces journalistes dont l\u2019importante m\u00e9diatisation a men\u00e9 \u00e0 la c\u00e9l\u00e9brit\u00e9. Omnipr\u00e9sent sur les plateaux de t\u00e9l\u00e9vision, de C dans l\u2019air sur France 5, aux plateaux [&hellip;]<\/p>\n","protected":false},"author":1,"featured_media":3510,"comment_status":"closed","ping_status":"closed","sticky":false,"template":"","format":"standard","meta":{"footnotes":""},"categories":[138,1,3],"tags":[139],"class_list":["post-3673","post","type-post","status-publish","format-standard","has-post-thumbnail","hentry","category-conferences-2012-2013","category-edito","category-conferences","tag-christophe-barbier"],"_links":{"self":[{"href":"https:\/\/www.lagora-edhec.com\/index.php?rest_route=\/wp\/v2\/posts\/3673","targetHints":{"allow":["GET"]}}],"collection":[{"href":"https:\/\/www.lagora-edhec.com\/index.php?rest_route=\/wp\/v2\/posts"}],"about":[{"href":"https:\/\/www.lagora-edhec.com\/index.php?rest_route=\/wp\/v2\/types\/post"}],"author":[{"embeddable":true,"href":"https:\/\/www.lagora-edhec.com\/index.php?rest_route=\/wp\/v2\/users\/1"}],"replies":[{"embeddable":true,"href":"https:\/\/www.lagora-edhec.com\/index.php?rest_route=%2Fwp%2Fv2%2Fcomments&post=3673"}],"version-history":[{"count":7,"href":"https:\/\/www.lagora-edhec.com\/index.php?rest_route=\/wp\/v2\/posts\/3673\/revisions"}],"predecessor-version":[{"id":3989,"href":"https:\/\/www.lagora-edhec.com\/index.php?rest_route=\/wp\/v2\/posts\/3673\/revisions\/3989"}],"wp:featuredmedia":[{"embeddable":true,"href":"https:\/\/www.lagora-edhec.com\/index.php?rest_route=\/wp\/v2\/media\/3510"}],"wp:attachment":[{"href":"https:\/\/www.lagora-edhec.com\/index.php?rest_route=%2Fwp%2Fv2%2Fmedia&parent=3673"}],"wp:term":[{"taxonomy":"category","embeddable":true,"href":"https:\/\/www.lagora-edhec.com\/index.php?rest_route=%2Fwp%2Fv2%2Fcategories&post=3673"},{"taxonomy":"post_tag","embeddable":true,"href":"https:\/\/www.lagora-edhec.com\/index.php?rest_route=%2Fwp%2Fv2%2Ftags&post=3673"}],"curies":[{"name":"wp","href":"https:\/\/api.w.org\/{rel}","templated":true}]}}