{"id":3571,"date":"2012-11-01T19:19:12","date_gmt":"2012-11-01T17:19:12","guid":{"rendered":"http:\/\/www.lagora-edhec.com\/?p=3571"},"modified":"2013-08-18T22:39:22","modified_gmt":"2013-08-18T20:39:22","slug":"lagora-recoit-eric-naulleau","status":"publish","type":"post","link":"https:\/\/www.lagora-edhec.com\/?p=3571","title":{"rendered":"L&rsquo;Agora re\u00e7oit Eric Naulleau"},"content":{"rendered":"<p style=\"text-align: justify;\"><a href=\"https:\/\/www.lagora-edhec.com\/wp-content\/uploads\/affiche-naulleau.jpeg\"><img fetchpriority=\"high\" decoding=\"async\" src=\"https:\/\/www.lagora-edhec.com\/wp-content\/uploads\/affiche-naulleau-200x300.jpeg\" alt=\"Eric Naulleau\" width=\"200\" height=\"300\" class=\"alignleft size-medium wp-image-3572\" srcset=\"https:\/\/www.lagora-edhec.com\/wp-content\/uploads\/affiche-naulleau-200x300.jpeg 200w, https:\/\/www.lagora-edhec.com\/wp-content\/uploads\/affiche-naulleau.jpeg 640w\" sizes=\"(max-width: 200px) 100vw, 200px\" \/><\/a>Eric Naulleau est de ces personnalit\u00e9s qui ne laissent personne indiff\u00e9rent.<br \/>\nEditeur, essayiste, traducteur, critique litt\u00e9raire, animateur de t\u00e9l\u00e9vision et chroniqueur radio, cet homme aux multiples talents, est avant tout un analyste hors pair de l\u2019actualit\u00e9.<\/p>\n<p style=\"text-align: justify;\">Remarqu\u00e9 pour ses avis tranch\u00e9s et son franc parl\u00e9, il se fait conna\u00eetre du grand public par ses chroniques dans On n\u2019est pas couch\u00e9 sur France 2 aux c\u00f4t\u00e9s d\u2019Eric Zemmour.<\/p>\n<p style=\"text-align: justify;\">Animant aujourd\u2019hui l\u2019\u00e9mission Zemmour et Naulleau avec ce dernier sur Paris Premi\u00e8re, il incarne la critique culturelle sur le plateau audiovisuel fran\u00e7ais.<\/p>\n<p style=\"text-align: justify;\">Dans le cadre de la sortie, le 2 novembre, de son dernier ouvrage, Pourquoi tant d\u2019E.N., Eric Naulleau se propose de nous offrir un point de vue unique sur l\u2019ensemble des faits marquants de l\u2019ann\u00e9e 2012.Rejoignez-le pour faire le bilan !<\/p>\n<p style=\"text-align: center;\"><strong>Mercredi 7 novembre \u00e0 18H00<\/strong><\/p>\n<p style=\"text-align: center;\"><strong>Auditorium de l&rsquo;EDHEC<\/strong><\/p>\n<p style=\"text-align: center;\"><strong>372, Rue Verte<\/strong><\/p>\n<p style=\"text-align: center;\"><strong>59170 Croix<\/strong><\/p>\n<p style=\"text-align: center;\"><strong>ENTREE LIBRE<\/strong><\/p>\n<p>Ci- dessous retrouvez le trailer de l&rsquo;\u00e9v\u00e8nement :<\/p>\n<p><iframe src=\"http:\/\/www.dailymotion.com\/embed\/video\/xurfjd\" frameborder=\"0\" width=\"480\" height=\"270\"><\/iframe><\/p>\n<p><strong><\/p>\n<p style=\"text-align: center;\">La vid\u00e9o de la conf\u00e9rence :<\/p>\n<p><\/strong><\/p>\n<p><iframe frameborder=\"0\" width=\"480\" height=\"270\" src=\"http:\/\/www.dailymotion.com\/embed\/video\/xv9up6\"><\/iframe><br \/><a href=\"http:\/\/www.dailymotion.com\/video\/xv9up6_l-agora-recoit-eric-naulleau_news\" target=\"_blank\">L&#039;Agora re&ccedil;oit Eric Naulleau<\/a> <i>par <a href=\"http:\/\/www.dailymotion.com\/Agora_du_Nord\" target=\"_blank\">Agora_du_Nord<\/a><\/i><\/p>\n<p>&nbsp;<\/p>\n","protected":false},"excerpt":{"rendered":"<p>Eric Naulleau est de ces personnalit\u00e9s qui ne laissent personne indiff\u00e9rent. Editeur, essayiste, traducteur, critique litt\u00e9raire, animateur de t\u00e9l\u00e9vision et chroniqueur radio, cet homme aux multiples talents, est avant tout un analyste hors pair de l\u2019actualit\u00e9. Remarqu\u00e9 pour ses avis tranch\u00e9s et son franc parl\u00e9, il se fait conna\u00eetre du grand public par ses chroniques [&hellip;]<\/p>\n","protected":false},"author":1,"featured_media":3572,"comment_status":"closed","ping_status":"closed","sticky":false,"template":"","format":"standard","meta":{"footnotes":""},"categories":[138,3],"tags":[],"class_list":["post-3571","post","type-post","status-publish","format-standard","has-post-thumbnail","hentry","category-conferences-2012-2013","category-conferences"],"_links":{"self":[{"href":"https:\/\/www.lagora-edhec.com\/index.php?rest_route=\/wp\/v2\/posts\/3571","targetHints":{"allow":["GET"]}}],"collection":[{"href":"https:\/\/www.lagora-edhec.com\/index.php?rest_route=\/wp\/v2\/posts"}],"about":[{"href":"https:\/\/www.lagora-edhec.com\/index.php?rest_route=\/wp\/v2\/types\/post"}],"author":[{"embeddable":true,"href":"https:\/\/www.lagora-edhec.com\/index.php?rest_route=\/wp\/v2\/users\/1"}],"replies":[{"embeddable":true,"href":"https:\/\/www.lagora-edhec.com\/index.php?rest_route=%2Fwp%2Fv2%2Fcomments&post=3571"}],"version-history":[{"count":25,"href":"https:\/\/www.lagora-edhec.com\/index.php?rest_route=\/wp\/v2\/posts\/3571\/revisions"}],"predecessor-version":[{"id":3991,"href":"https:\/\/www.lagora-edhec.com\/index.php?rest_route=\/wp\/v2\/posts\/3571\/revisions\/3991"}],"wp:featuredmedia":[{"embeddable":true,"href":"https:\/\/www.lagora-edhec.com\/index.php?rest_route=\/wp\/v2\/media\/3572"}],"wp:attachment":[{"href":"https:\/\/www.lagora-edhec.com\/index.php?rest_route=%2Fwp%2Fv2%2Fmedia&parent=3571"}],"wp:term":[{"taxonomy":"category","embeddable":true,"href":"https:\/\/www.lagora-edhec.com\/index.php?rest_route=%2Fwp%2Fv2%2Fcategories&post=3571"},{"taxonomy":"post_tag","embeddable":true,"href":"https:\/\/www.lagora-edhec.com\/index.php?rest_route=%2Fwp%2Fv2%2Ftags&post=3571"}],"curies":[{"name":"wp","href":"https:\/\/api.w.org\/{rel}","templated":true}]}}