{"id":3485,"date":"2012-09-19T16:10:10","date_gmt":"2012-09-19T14:10:10","guid":{"rendered":"http:\/\/www.lagora-edhec.com\/?p=3485"},"modified":"2015-06-14T23:52:21","modified_gmt":"2015-06-14T21:52:21","slug":"lagora-recoit-igor-et-grichka-bogdanov","status":"publish","type":"post","link":"https:\/\/www.lagora-edhec.com\/?p=3485","title":{"rendered":"L&rsquo;Agora re\u00e7oit Igor et Grichka Bogdanov"},"content":{"rendered":"<p style=\"text-align: justify;\"><a href=\"https:\/\/www.lagora-edhec.com\/wp-content\/uploads\/affiche-b.jpeg\"><img decoding=\"async\" src=\"https:\/\/www.lagora-edhec.com\/wp-content\/uploads\/affiche-b.jpeg\" alt=\"L&#039;Agora re\u00e7oit Igor et Grichka Bogdanov\" width=\"180\" height=\"254\" class=\"alignleft size-full wp-image-3493\" \/><\/a>L\u2019Agora, la tribune \u00e9tudiante de l\u2019EDHEC Business School, vous invite \u00e0 rencontrer <strong>Igor et Grichka Bogdanov<\/strong> le <strong>mardi 25 Septembre \u00e0 18h<\/strong> dans l\u2019amphith\u00e9\u00e2tre du campus de l\u2019EDHEC de Lille!<\/p>\n<p style=\"text-align: justify;\">C\u00e9l\u00e8bres mais insaisissables, scientifiques mais m\u00e9diatiques, venez aider l\u2019Agora \u00e0 lever le myst\u00e8re Bogdanov.<\/p>\n<p style=\"text-align: justify;\">Ces fr\u00e8res jumeaux fran\u00e7ais d\u2019origine russe et autrichienne sont connus pour avoir anim\u00e9 des \u00e9missions de t\u00e9l\u00e9vision, r\u00e9dig\u00e9 des essais pol\u00e9miques et avoir tent\u00e9 de fa\u00e7on g\u00e9n\u00e9rale, une vulgarisation de la science.\u00a0Entre philosophie et religion, science-fiction et cosmologie, leurs domaines de comp\u00e9tence semblent vari\u00e9s mais sont pourtant critiqu\u00e9s.\u00a0Forts de leur dernier ouvrage intitul\u00e9 La pens\u00e9e de Dieu, ils tenteront de r\u00e9soudre avec nous quelques uns des plus grands myst\u00e8res de\u00a0l\u2019humanit\u00e9.<\/p>\n<div>Mais c\u2019est avant tout pour mieux conna\u00eetre et essayer de cerner ces personnages si atypiques et controvers\u00e9s que l\u2019Agora vous invite \u00e0 ce moment hors du temps.<\/p>\n<p style=\"text-align: justify;\">Nous aurions donc le plaisir de vous recevoir le 25 septembre \u00e0 18h dans l\u2019auditorium de L\u2019EDHEC Business School pour assister \u00e0 ces instants intenses de d\u00e9bat qui sera suivi d\u2019une s\u00e9ance de d\u00e9dicaces!<\/div>\n<\/p>\n<div><\/div>\n<div style=\"text-align: center;\"><strong>Auditorium de l&rsquo;EDHEC<\/strong><\/div>\n<div style=\"text-align: center;\"><strong>24 Avenue Gustave Delory, 59000 Roubaix<\/strong><\/div>\n<div style=\"text-align: center;\"><\/div>\n<div style=\"text-align: center;\"><span style=\"text-decoration: underline;\"><strong>ENTREE LIBRE<\/strong><\/span><\/div>\n<div style=\"text-align: center;\"><\/div>\n<div style=\"text-align: left;\"><\/div>\n<p> &nbsp;<\/p>\n<p><iframe src=\"http:\/\/www.dailymotion.com\/embed\/video\/xtppkw\" frameborder=\"0\" width=\"480\" height=\"360\"><\/iframe><br \/>\n<a href=\"http:\/\/www.dailymotion.com\/video\/xtppkw_l-agora-recoit-igor-grichka-bogdanov_news\" target=\"_blank\">L&rsquo;Agora re\u00e7oit Igor &amp; Grichka Bogdanov<\/a><br \/>\n<strong><\/p>\n<p style=\"text-align:center;\">La conf\u00e9rence en vid\u00e9o :<\/p>\n<p><\/strong><br \/>\n<iframe src=\"https:\/\/player.vimeo.com\/video\/130629027\" width=\"500\" height=\"281\" frameborder=\"0\" webkitallowfullscreen mozallowfullscreen allowfullscreen><\/iframe><\/p>\n","protected":false},"excerpt":{"rendered":"<p>L\u2019Agora, la tribune \u00e9tudiante de l\u2019EDHEC Business School, vous invite \u00e0 rencontrer Igor et Grichka Bogdanov le mardi 25 Septembre \u00e0 18h dans l\u2019amphith\u00e9\u00e2tre du campus de l\u2019EDHEC de Lille! C\u00e9l\u00e8bres mais insaisissables, scientifiques mais m\u00e9diatiques, venez aider l\u2019Agora \u00e0 lever le myst\u00e8re Bogdanov. Ces fr\u00e8res jumeaux fran\u00e7ais d\u2019origine russe et autrichienne sont connus pour [&hellip;]<\/p>\n","protected":false},"author":1,"featured_media":3667,"comment_status":"closed","ping_status":"closed","sticky":false,"template":"","format":"standard","meta":{"footnotes":""},"categories":[138,3],"tags":[],"class_list":["post-3485","post","type-post","status-publish","format-standard","has-post-thumbnail","hentry","category-conferences-2012-2013","category-conferences"],"_links":{"self":[{"href":"https:\/\/www.lagora-edhec.com\/index.php?rest_route=\/wp\/v2\/posts\/3485","targetHints":{"allow":["GET"]}}],"collection":[{"href":"https:\/\/www.lagora-edhec.com\/index.php?rest_route=\/wp\/v2\/posts"}],"about":[{"href":"https:\/\/www.lagora-edhec.com\/index.php?rest_route=\/wp\/v2\/types\/post"}],"author":[{"embeddable":true,"href":"https:\/\/www.lagora-edhec.com\/index.php?rest_route=\/wp\/v2\/users\/1"}],"replies":[{"embeddable":true,"href":"https:\/\/www.lagora-edhec.com\/index.php?rest_route=%2Fwp%2Fv2%2Fcomments&post=3485"}],"version-history":[{"count":18,"href":"https:\/\/www.lagora-edhec.com\/index.php?rest_route=\/wp\/v2\/posts\/3485\/revisions"}],"predecessor-version":[{"id":5162,"href":"https:\/\/www.lagora-edhec.com\/index.php?rest_route=\/wp\/v2\/posts\/3485\/revisions\/5162"}],"wp:featuredmedia":[{"embeddable":true,"href":"https:\/\/www.lagora-edhec.com\/index.php?rest_route=\/wp\/v2\/media\/3667"}],"wp:attachment":[{"href":"https:\/\/www.lagora-edhec.com\/index.php?rest_route=%2Fwp%2Fv2%2Fmedia&parent=3485"}],"wp:term":[{"taxonomy":"category","embeddable":true,"href":"https:\/\/www.lagora-edhec.com\/index.php?rest_route=%2Fwp%2Fv2%2Fcategories&post=3485"},{"taxonomy":"post_tag","embeddable":true,"href":"https:\/\/www.lagora-edhec.com\/index.php?rest_route=%2Fwp%2Fv2%2Ftags&post=3485"}],"curies":[{"name":"wp","href":"https:\/\/api.w.org\/{rel}","templated":true}]}}