{"id":3458,"date":"2012-09-05T16:18:56","date_gmt":"2012-09-05T14:18:56","guid":{"rendered":"http:\/\/www.lagora-edhec.com\/?p=3458"},"modified":"2013-08-18T22:39:22","modified_gmt":"2013-08-18T20:39:22","slug":"lagora-recoit-franz-olivier-giesbert-et-jean-francois-kahn","status":"publish","type":"post","link":"https:\/\/www.lagora-edhec.com\/?p=3458","title":{"rendered":"L&rsquo;Agora re\u00e7oit Franz-Olivier Giesbert et Jean-Fran\u00e7ois Kahn"},"content":{"rendered":"<p style=\"text-align: justify;\"><a href=\"https:\/\/www.lagora-edhec.com\/wp-content\/uploads\/195819_358044587606212_1177388570_n.jpeg\"><img decoding=\"async\" src=\"https:\/\/www.lagora-edhec.com\/wp-content\/uploads\/195819_358044587606212_1177388570_n.jpeg\" alt=\"L&#039;Agora re\u00e7oit Franz-Olivier Giesbert et Jean-Fran\u00e7ois Kahn\" width=\"180\" height=\"254\" class=\"alignleft size-full wp-image-3465\" \/><\/a>Il y a 122 jours, 51,90% de Fran\u00e7ais ont permis l\u2019\u00e9lection de Fran\u00e7ois Hollande. Quel bilan aujourd\u2019hui?<\/p>\n<p style=\"text-align: justify;\">En ce d\u00e9but de quinquennat, nombreux sont les dossiers urgents \u00e0 traiter et sur lesquels l\u2019int\u00e9ress\u00e9 est attendu : crise europ\u00e9enne de la dette, situation g\u00e9opolitique au Moyen-Orient, s\u00e9curit\u00e9 ou encore \u00e9ducation.<br \/>\nFran\u00e7ois Hollande \u00e9tant le premier socialiste \u00e0 acc\u00e9der \u00e0 la fonction de pr\u00e9sident depuis les mandats de Fran\u00e7ois Mitterrand, ses premiers pas sont scrut\u00e9s avec une ardeur in\u00e9dite.<br \/>\nPour commenter les d\u00e9buts du chef de l\u2019Etat, l\u2019Agora a convi\u00e9 deux sp\u00e9cialistes de la communication politique :<\/p>\n<p style=\"text-align: justify;\">&#8211; Franz-Olivier Giesbert, PDG du groupe SEBDO Le Point, journaliste, biographe, romancier et pr\u00e9sentateur de t\u00e9l\u00e9vision, est habitu\u00e9 des plateaux t\u00e9l\u00e9vis\u00e9s, sur lesquels il a notamment interview\u00e9 Nicolas Sarkozy durant la campagne pr\u00e9sidentielle.<\/p>\n<p style=\"text-align: justify;\">&#8211; Jean-Fran\u00e7ois Kahn, journaliste et \u00e9crivain fran\u00e7ais, il est directeur de l\u2019hebdomadaire Marianne jusqu\u2019en 2007.<\/p>\n<p style=\"text-align: justify;\">Connus pour leur fine analyse politique, leur sens du d\u00e9bat, leur exp\u00e9rience et leurs talents d\u2019orateurs, cette conf\u00e9rence nous promet d\u2019\u00eatre vive et riche d\u2019informations.Qui d\u2019autres pour d\u00e9buter cette nouvelle ann\u00e9e ?<\/p>\n<p style=\"text-align: justify;\">L\u2019Agora et son nouveau partenaire AgoraVox (<a href=\"http:\/\/www.agoravox.fr\/\" rel=\"nofollow nofollow\" target=\"_blank\">http:\/\/www.agoravox.fr\/<\/a>) vous donnent donc rendez-vous le <strong>mercredi 12 septembre \u00e0 18h<\/strong> dans l\u2019amphith\u00e9\u00e2tre de l\u2019EDHEC !<\/p>\n<p style=\"text-align: center;\">Amphith\u00e9\u00e2tre de l\u2019EDHEC, 372 Rue Verte, Croix<\/p>\n<p style=\"text-align: center;\">Entr\u00e9e libre<\/p>\n<p><strong><\/p>\n<p style=\"text-align: center;\">La vid\u00e9o de la conf\u00e9rence :<\/p>\n<p><\/strong><\/p>\n<p><iframe frameborder=\"0\" width=\"480\" height=\"270\" src=\"http:\/\/www.dailymotion.com\/embed\/video\/xupo2d\"><\/iframe><br \/><a href=\"http:\/\/www.dailymotion.com\/video\/xupo2d_l-agora-recoit-franz-olivier-giesbert-jean-francois-kahn_news\" target=\"_blank\">L&#039;Agora re&ccedil;oit Franz-Olivier Giesbert &amp; Jean&#8230;<\/a> <i>par <a href=\"http:\/\/www.dailymotion.com\/Agora_du_Nord\" target=\"_blank\">Agora_du_Nord<\/a><\/i><\/p>\n","protected":false},"excerpt":{"rendered":"<p>Il y a 122 jours, 51,90% de Fran\u00e7ais ont permis l\u2019\u00e9lection de Fran\u00e7ois Hollande. Quel bilan aujourd\u2019hui? En ce d\u00e9but de quinquennat, nombreux sont les dossiers urgents \u00e0 traiter et sur lesquels l\u2019int\u00e9ress\u00e9 est attendu : crise europ\u00e9enne de la dette, situation g\u00e9opolitique au Moyen-Orient, s\u00e9curit\u00e9 ou encore \u00e9ducation. Fran\u00e7ois Hollande \u00e9tant le premier socialiste [&hellip;]<\/p>\n","protected":false},"author":1,"featured_media":3463,"comment_status":"closed","ping_status":"closed","sticky":false,"template":"","format":"standard","meta":{"footnotes":""},"categories":[138,3,137],"tags":[],"class_list":["post-3458","post","type-post","status-publish","format-standard","has-post-thumbnail","hentry","category-conferences-2012-2013","category-conferences","category-podcasts"],"_links":{"self":[{"href":"https:\/\/www.lagora-edhec.com\/index.php?rest_route=\/wp\/v2\/posts\/3458","targetHints":{"allow":["GET"]}}],"collection":[{"href":"https:\/\/www.lagora-edhec.com\/index.php?rest_route=\/wp\/v2\/posts"}],"about":[{"href":"https:\/\/www.lagora-edhec.com\/index.php?rest_route=\/wp\/v2\/types\/post"}],"author":[{"embeddable":true,"href":"https:\/\/www.lagora-edhec.com\/index.php?rest_route=\/wp\/v2\/users\/1"}],"replies":[{"embeddable":true,"href":"https:\/\/www.lagora-edhec.com\/index.php?rest_route=%2Fwp%2Fv2%2Fcomments&post=3458"}],"version-history":[{"count":20,"href":"https:\/\/www.lagora-edhec.com\/index.php?rest_route=\/wp\/v2\/posts\/3458\/revisions"}],"predecessor-version":[{"id":3981,"href":"https:\/\/www.lagora-edhec.com\/index.php?rest_route=\/wp\/v2\/posts\/3458\/revisions\/3981"}],"wp:featuredmedia":[{"embeddable":true,"href":"https:\/\/www.lagora-edhec.com\/index.php?rest_route=\/wp\/v2\/media\/3463"}],"wp:attachment":[{"href":"https:\/\/www.lagora-edhec.com\/index.php?rest_route=%2Fwp%2Fv2%2Fmedia&parent=3458"}],"wp:term":[{"taxonomy":"category","embeddable":true,"href":"https:\/\/www.lagora-edhec.com\/index.php?rest_route=%2Fwp%2Fv2%2Fcategories&post=3458"},{"taxonomy":"post_tag","embeddable":true,"href":"https:\/\/www.lagora-edhec.com\/index.php?rest_route=%2Fwp%2Fv2%2Ftags&post=3458"}],"curies":[{"name":"wp","href":"https:\/\/api.w.org\/{rel}","templated":true}]}}