{"id":2544,"date":"2011-04-06T23:24:16","date_gmt":"2011-04-06T21:24:16","guid":{"rendered":"http:\/\/www.lagora-edhec.com\/?p=2544"},"modified":"2013-08-18T22:39:42","modified_gmt":"2013-08-18T20:39:42","slug":"lagora-recoit-eric-woerth","status":"publish","type":"post","link":"https:\/\/www.lagora-edhec.com\/?p=2544","title":{"rendered":"L&rsquo;Agora re\u00e7oit Eric Woerth"},"content":{"rendered":"<p style=\"text-align: justify\";><a href=\"wp-content\/images\/affiche-highres1.jpg\"><img fetchpriority=\"high\" decoding=\"async\" class=\"alignleft size-medium wp-image-2546\" title=\"L'Agora re\u00e7oit Eric Woerth\" src=\"wp-content\/images\/affiche-highres1-212x300.jpg\" alt=\"L'Agora re\u00e7oit Eric Woerth\" width=\"212\" height=\"300\" srcset=\"https:\/\/www.lagora-edhec.com\/wp-content\/uploads\/affiche-highres1-212x300.jpg 212w, https:\/\/www.lagora-edhec.com\/wp-content\/uploads\/affiche-highres1-724x1024.jpg 724w\" sizes=\"(max-width: 212px) 100vw, 212px\" \/><\/a>L\u2019Agora, l\u2019association de d\u00e9bats et conf\u00e9rences de l\u2019EDHEC Business School accueille <strong>Mercredi 13 avril \u00e0 18h30<\/strong> \u00e0 l\u2019EDHEC\u00a0<strong>Eric Woerth,<\/strong> Ancien Ministre du Travail.<\/p>\n<p style=\"text-align: justify\";>Dipl\u00f4m\u00e9 d\u2019HEC et de Sciences Po Paris, Eric Woerth fait carri\u00e8re dans l\u2019audit jusqu\u2019en 2002, tout en s\u2019impliquant dans la vie politique fran\u00e7aise en tant que directeur financier et administratif de la campagne de Jacques Chirac en 1995 et 2002.<\/p>\n<p style=\"text-align: justify\";>A partir de 2002, il d\u00e9cide de se consacrer enti\u00e8rement \u00e0 sa carri\u00e8re politique et se rapproche de Nicolas Sarkozy. Il exerce successivement les fonctions suivantes : secr\u00e9taire d\u2019Etat \u00e0 la r\u00e9forme de l\u2019Etat sous le gouvernement de Jean-Pierre Raffarin entre 2004 et 2005, puis ministre du budget, des comptes publics et de la fonction publique entre 2007 et 2010 et enfin ministre du travail, de la solidarit\u00e9 et de la fonction publique entre mars et novembre 2010. Son action minist\u00e9rielle a \u00e9t\u00e9 marqu\u00e9e d\u2019une part par la lutte contre l\u2019\u00e9vasion fiscale et d\u2019autre part par la r\u00e9forme des retraites.<\/p>\n<p style=\"text-align: justify\";>Les r\u00e9formes men\u00e9es par Eric Woerth ne sont pas les seules raisons qui font que l\u2019homme parait souvent au coeur de l\u2019actualit\u00e9. En effet, Eric Woerth est au centre de nombreuses pol\u00e9miques comme l\u2019affaire Woerth-Bettencourt qui lui a fait perdre son portefeuille minist\u00e9riel, le cumul de fonctions minist\u00e9rielles avec celle de tr\u00e9sorier de l\u2019UMP ou l\u2019affaire de l\u2019hippodrome de Compi\u00e8gne.<\/p>\n<p style=\"text-align: justify\";>Nous vous attendons tous nombreux Mercredi 13 Avril \u00e0 18h30 dans l&rsquo;auditorium de l&rsquo;EDHEC, 24 avenue Gustave Delory \u00e0 Roubaix !<\/p>\n<p><a href=\"http:\/\/goo.gl\/maps\/CLcL\" target=\"_blank\">Se rendre \u00e0 la conf\u00e9rence<\/a><\/p>\n<p style=\"text-align:center\";><strong>La vid\u00e9o de la conf\u00e9rence<\/strong><\/p>\n<p><iframe frameborder=\"0\" width=\"480\" height=\"270\" src=\"http:\/\/www.dailymotion.com\/embed\/video\/xi87ad\"><\/iframe><br \/><a href=\"http:\/\/www.dailymotion.com\/video\/xi87ad_l-agora-recoit-eric-woerth_school\" target=\"_blank\">L&#039;Agora re&ccedil;oit Eric Woerth<\/a> <i>par <a href=\"http:\/\/www.dailymotion.com\/Agora_du_Nord\" target=\"_blank\">Agora_du_Nord<\/a><\/i><\/p>\n","protected":false},"excerpt":{"rendered":"<p>L\u2019Agora, l\u2019association de d\u00e9bats et conf\u00e9rences de l\u2019EDHEC Business School accueille Mercredi 13 avril \u00e0 18h30 \u00e0 l\u2019EDHEC\u00a0Eric Woerth, Ancien Ministre du Travail. Dipl\u00f4m\u00e9 d\u2019HEC et de Sciences Po Paris, Eric Woerth fait carri\u00e8re dans l\u2019audit jusqu\u2019en 2002, tout en s\u2019impliquant dans la vie politique fran\u00e7aise en tant que directeur financier et administratif de la [&hellip;]<\/p>\n","protected":false},"author":1,"featured_media":0,"comment_status":"closed","ping_status":"closed","sticky":false,"template":"","format":"standard","meta":{"footnotes":""},"categories":[124,3],"tags":[127],"class_list":["post-2544","post","type-post","status-publish","format-standard","hentry","category-2010-2011","category-conferences","tag-eric-woerth"],"_links":{"self":[{"href":"https:\/\/www.lagora-edhec.com\/index.php?rest_route=\/wp\/v2\/posts\/2544","targetHints":{"allow":["GET"]}}],"collection":[{"href":"https:\/\/www.lagora-edhec.com\/index.php?rest_route=\/wp\/v2\/posts"}],"about":[{"href":"https:\/\/www.lagora-edhec.com\/index.php?rest_route=\/wp\/v2\/types\/post"}],"author":[{"embeddable":true,"href":"https:\/\/www.lagora-edhec.com\/index.php?rest_route=\/wp\/v2\/users\/1"}],"replies":[{"embeddable":true,"href":"https:\/\/www.lagora-edhec.com\/index.php?rest_route=%2Fwp%2Fv2%2Fcomments&post=2544"}],"version-history":[{"count":11,"href":"https:\/\/www.lagora-edhec.com\/index.php?rest_route=\/wp\/v2\/posts\/2544\/revisions"}],"predecessor-version":[{"id":4160,"href":"https:\/\/www.lagora-edhec.com\/index.php?rest_route=\/wp\/v2\/posts\/2544\/revisions\/4160"}],"wp:attachment":[{"href":"https:\/\/www.lagora-edhec.com\/index.php?rest_route=%2Fwp%2Fv2%2Fmedia&parent=2544"}],"wp:term":[{"taxonomy":"category","embeddable":true,"href":"https:\/\/www.lagora-edhec.com\/index.php?rest_route=%2Fwp%2Fv2%2Fcategories&post=2544"},{"taxonomy":"post_tag","embeddable":true,"href":"https:\/\/www.lagora-edhec.com\/index.php?rest_route=%2Fwp%2Fv2%2Ftags&post=2544"}],"curies":[{"name":"wp","href":"https:\/\/api.w.org\/{rel}","templated":true}]}}