{"id":224,"date":"2005-11-03T18:00:13","date_gmt":"2005-11-03T16:00:13","guid":{"rendered":"http:\/\/www.lagora-edhec.com\/?p=224"},"modified":"2013-08-18T22:41:16","modified_gmt":"2013-08-18T20:41:16","slug":"la-distribution-est-elle-encore-un-moteur-de-croissance-pour-lille-metropole","status":"publish","type":"post","link":"https:\/\/www.lagora-edhec.com\/?p=224","title":{"rendered":"La distribution est-elle encore un moteur de croissance pour Lille M\u00e9tropole ?"},"content":{"rendered":"<p><img fetchpriority=\"high\" decoding=\"async\" width=\"211\" height=\"300\" class=\"alignleft size-medium wp-image-322\" title=\"La distribution est-elle encore un moteur de croissance pour Lille M\u00e9tropole ?\" src=\"wp-content\/images\/2005-11-03-distri-large-211x300.jpg\" alt=\"La distribution est-elle encore un moteur de croissance pour Lille M\u00e9tropole ?\" srcset=\"https:\/\/www.lagora-edhec.com\/wp-content\/uploads\/2005-11-03-distri-large-211x300.jpg 211w, https:\/\/www.lagora-edhec.com\/wp-content\/uploads\/2005-11-03-distri-large.jpg 300w\" sizes=\"(max-width: 211px) 100vw, 211px\" \/>Le 3 Novembre 2005, l&rsquo;Agora du Nord recevait R\u00e9gis Degelcke (Directeur G\u00e9n\u00e9ral France de Leroy Merlin), Jean Duforest (Pr\u00e9sident directeur g\u00e9n\u00e9ral du Groupe Oka\u00efdi Jacadi), Luc Pierre Verquin (Pr\u00e9sident du directoire de Verquin Confiseur), Ga\u00ebl Bonnin (Professeur au d\u00e9partement Marketing-Vente, Edhec Business School), Fr\u00e9d\u00e9ric Croccel (Directeur de la Communication de D\u00e9cathlon) et Bruno Bonduelle (Pr\u00e9sident de la Chambre de Commerce et d&rsquo;Industrie de Lille M\u00e9tropole).<\/p>\n","protected":false},"excerpt":{"rendered":"<p>Le 3 Novembre 2005, l&rsquo;Agora du Nord recevait R\u00e9gis Degelcke (Directeur G\u00e9n\u00e9ral France de Leroy Merlin), Jean Duforest (Pr\u00e9sident directeur g\u00e9n\u00e9ral du Groupe Oka\u00efdi Jacadi), Luc Pierre Verquin (Pr\u00e9sident du directoire de Verquin Confiseur), Ga\u00ebl Bonnin (Professeur au d\u00e9partement Marketing-Vente, Edhec Business School), Fr\u00e9d\u00e9ric Croccel (Directeur de la Communication de D\u00e9cathlon) et Bruno Bonduelle (Pr\u00e9sident [&hellip;]<\/p>\n","protected":false},"author":1,"featured_media":322,"comment_status":"closed","ping_status":"closed","sticky":false,"template":"","format":"standard","meta":{"footnotes":""},"categories":[120,115,3],"tags":[],"class_list":["post-224","post","type-post","status-publish","format-standard","has-post-thumbnail","hentry","category-2005-2006","category-anciennes","category-conferences"],"_links":{"self":[{"href":"https:\/\/www.lagora-edhec.com\/index.php?rest_route=\/wp\/v2\/posts\/224","targetHints":{"allow":["GET"]}}],"collection":[{"href":"https:\/\/www.lagora-edhec.com\/index.php?rest_route=\/wp\/v2\/posts"}],"about":[{"href":"https:\/\/www.lagora-edhec.com\/index.php?rest_route=\/wp\/v2\/types\/post"}],"author":[{"embeddable":true,"href":"https:\/\/www.lagora-edhec.com\/index.php?rest_route=\/wp\/v2\/users\/1"}],"replies":[{"embeddable":true,"href":"https:\/\/www.lagora-edhec.com\/index.php?rest_route=%2Fwp%2Fv2%2Fcomments&post=224"}],"version-history":[{"count":8,"href":"https:\/\/www.lagora-edhec.com\/index.php?rest_route=\/wp\/v2\/posts\/224\/revisions"}],"predecessor-version":[{"id":4421,"href":"https:\/\/www.lagora-edhec.com\/index.php?rest_route=\/wp\/v2\/posts\/224\/revisions\/4421"}],"wp:featuredmedia":[{"embeddable":true,"href":"https:\/\/www.lagora-edhec.com\/index.php?rest_route=\/wp\/v2\/media\/322"}],"wp:attachment":[{"href":"https:\/\/www.lagora-edhec.com\/index.php?rest_route=%2Fwp%2Fv2%2Fmedia&parent=224"}],"wp:term":[{"taxonomy":"category","embeddable":true,"href":"https:\/\/www.lagora-edhec.com\/index.php?rest_route=%2Fwp%2Fv2%2Fcategories&post=224"},{"taxonomy":"post_tag","embeddable":true,"href":"https:\/\/www.lagora-edhec.com\/index.php?rest_route=%2Fwp%2Fv2%2Ftags&post=224"}],"curies":[{"name":"wp","href":"https:\/\/api.w.org\/{rel}","templated":true}]}}