{"id":2212,"date":"2011-02-28T00:55:26","date_gmt":"2011-02-27T22:55:26","guid":{"rendered":"http:\/\/www.lagora-edhec.com\/?p=2212"},"modified":"2013-08-18T22:39:42","modified_gmt":"2013-08-18T20:39:42","slug":"lagora-recoit-jean-pierre-chevenement","status":"publish","type":"post","link":"https:\/\/www.lagora-edhec.com\/?p=2212","title":{"rendered":"L&rsquo;Agora re\u00e7oit Jean Pierre Chev\u00e8nement"},"content":{"rendered":"<p style=\"text-align: justify\";><a href=\"wp-content\/images\/affiche_highres.jpg\"><img fetchpriority=\"high\" decoding=\"async\" class=\"alignleft size-medium wp-image-2217\" title=\"L'Agora re\u00e7oit Jean Pierre Chev\u00e8nement\" src=\"wp-content\/images\/affiche_highres-212x300.jpg\" alt=\"\" width=\"212\" height=\"300\" srcset=\"https:\/\/www.lagora-edhec.com\/wp-content\/uploads\/affiche_highres-212x300.jpg 212w, https:\/\/www.lagora-edhec.com\/wp-content\/uploads\/affiche_highres-724x1024.jpg 724w\" sizes=\"(max-width: 212px) 100vw, 212px\" \/><\/a>L\u2019Agora, l\u2019association de d\u00e9bats et conf\u00e9rences de l\u2019EDHEC Business School accueille Lundi 07 Mars \u00e0 18h15 \u00e0 l\u2019EDHEC <strong>Jean-Pierre Chev\u00e8nement<\/strong>, pr\u00e9sident d\u2019honneur du Mouvement R\u00e9publicain et Citoyen (MRC) et s\u00e9nateur du Territoire de Belfort.<\/p>\n<p style=\"text-align: justify\";><strong>Jean Pierre Chev\u00e8nement<\/strong> est un homme politique de gauche. Il fut l\u2019auteur des 2 programmes socialistes de Fran\u00e7ois Mitterrand en 1974 puis en 1981. S\u2019il est un des grands r\u00e9novateurs du Parti Socialiste, il n\u2019h\u00e9site pas pour autant \u00e0 d\u00e9noncer les d\u00e9viances de celui-ci\u00a0: il s\u2019\u00e9carte du gouvernement de Pierre Mauroy d\u00e9plorant la tournure trop lib\u00e9rale, puis d\u00e9missionne en 1991 pour s\u2019opposer \u00e0 la guerre du Golfe.<\/p>\n<p style=\"text-align: justify\";>Il a occup\u00e9 plusieurs postes minist\u00e9riels parmi les plus marquants\u00a0: ministre de la Recherche et de la Technologie puis ministre de l\u2019Education Nationale et ministre de la D\u00e9fense. Il devient ministre de l\u2019Int\u00e9rieur du gouvernement Jospin en 1997 et m\u00e8ne alors une grande politique d\u2019acc\u00e8s \u00e0 la citoyennet\u00e9. R\u00e9publicain convaincu, Jean-Pierre Chev\u00e8nement n\u2019h\u00e9site pas \u00e0 se mettre en travers du Projet Europ\u00e9en, dont il condamne les \u00e9carts lib\u00e9raux, en se positionnant notamment pour le NON au Trait\u00e9 de Maastricht en 1992.<\/p>\n<p style=\"text-align: justify\";>Dans son dernier livre au titre choc <span style=\"text-decoration: underline;\">La France est-elle finie\u00a0?<\/span>, Jean Pierre Chev\u00e8nement retrace le destin de la France durant ce quasi demi-si\u00e8cle, d\u00e9nonce le basculement du Parti Socialiste vers le social-lib\u00e9ralisme et analyse l\u2019influence de l\u2019Allemagne sur l\u2019avenir de l\u2019Europe.<\/p>\n<p style=\"text-align: justify\";>A l\u2019occasion de cette conf\u00e9rence, Jean-Pierre Chev\u00e8nement reviendra sur la situation de la France dans le monde, la crise politique de l\u2019Europe ainsi que le r\u00f4le qu\u2019a \u00e0 jouer le Parti Socialiste lors des prochaines \u00e9lections pr\u00e9sidentielles.<\/p>\n<p style=\"text-align: center\"><strong>La vid\u00e9o de la conf\u00e9rence :<\/strong><\/p>\n<p><iframe frameborder=\"0\" width=\"480\" height=\"270\" src=\"http:\/\/www.dailymotion.com\/embed\/video\/xhg1j4\"><\/iframe><br \/><a href=\"http:\/\/www.dailymotion.com\/video\/xhg1j4_conference-jean-pierre-chevenement_school\" target=\"_blank\">Conf&eacute;rence Jean-Pierre Chev&egrave;nement<\/a> <i>par <a href=\"http:\/\/www.dailymotion.com\/Agora_du_Nord\" target=\"_blank\">Agora_du_Nord<\/a><\/i><\/p>\n","protected":false},"excerpt":{"rendered":"<p>L\u2019Agora, l\u2019association de d\u00e9bats et conf\u00e9rences de l\u2019EDHEC Business School accueille Lundi 07 Mars \u00e0 18h15 \u00e0 l\u2019EDHEC Jean-Pierre Chev\u00e8nement, pr\u00e9sident d\u2019honneur du Mouvement R\u00e9publicain et Citoyen (MRC) et s\u00e9nateur du Territoire de Belfort. Jean Pierre Chev\u00e8nement est un homme politique de gauche. Il fut l\u2019auteur des 2 programmes socialistes de Fran\u00e7ois Mitterrand en 1974 [&hellip;]<\/p>\n","protected":false},"author":1,"featured_media":3246,"comment_status":"closed","ping_status":"closed","sticky":false,"template":"","format":"standard","meta":{"footnotes":""},"categories":[124,3],"tags":[],"class_list":["post-2212","post","type-post","status-publish","format-standard","has-post-thumbnail","hentry","category-2010-2011","category-conferences"],"_links":{"self":[{"href":"https:\/\/www.lagora-edhec.com\/index.php?rest_route=\/wp\/v2\/posts\/2212","targetHints":{"allow":["GET"]}}],"collection":[{"href":"https:\/\/www.lagora-edhec.com\/index.php?rest_route=\/wp\/v2\/posts"}],"about":[{"href":"https:\/\/www.lagora-edhec.com\/index.php?rest_route=\/wp\/v2\/types\/post"}],"author":[{"embeddable":true,"href":"https:\/\/www.lagora-edhec.com\/index.php?rest_route=\/wp\/v2\/users\/1"}],"replies":[{"embeddable":true,"href":"https:\/\/www.lagora-edhec.com\/index.php?rest_route=%2Fwp%2Fv2%2Fcomments&post=2212"}],"version-history":[{"count":29,"href":"https:\/\/www.lagora-edhec.com\/index.php?rest_route=\/wp\/v2\/posts\/2212\/revisions"}],"predecessor-version":[{"id":4169,"href":"https:\/\/www.lagora-edhec.com\/index.php?rest_route=\/wp\/v2\/posts\/2212\/revisions\/4169"}],"wp:featuredmedia":[{"embeddable":true,"href":"https:\/\/www.lagora-edhec.com\/index.php?rest_route=\/wp\/v2\/media\/3246"}],"wp:attachment":[{"href":"https:\/\/www.lagora-edhec.com\/index.php?rest_route=%2Fwp%2Fv2%2Fmedia&parent=2212"}],"wp:term":[{"taxonomy":"category","embeddable":true,"href":"https:\/\/www.lagora-edhec.com\/index.php?rest_route=%2Fwp%2Fv2%2Fcategories&post=2212"},{"taxonomy":"post_tag","embeddable":true,"href":"https:\/\/www.lagora-edhec.com\/index.php?rest_route=%2Fwp%2Fv2%2Ftags&post=2212"}],"curies":[{"name":"wp","href":"https:\/\/api.w.org\/{rel}","templated":true}]}}