{"id":214,"date":"2007-02-21T18:30:42","date_gmt":"2007-02-21T16:30:42","guid":{"rendered":"http:\/\/www.lagora-edhec.com\/?p=214"},"modified":"2013-08-18T22:40:44","modified_gmt":"2013-08-18T20:40:44","slug":"la-presse-chronique-dune-mort-annoncee","status":"publish","type":"post","link":"https:\/\/www.lagora-edhec.com\/?p=214","title":{"rendered":"La presse : chronique d&rsquo;une mort annonc\u00e9e ?"},"content":{"rendered":"<p><img fetchpriority=\"high\" decoding=\"async\" width=\"211\" height=\"300\" class=\"alignleft size-medium wp-image-346\" title=\"Nicolas Beytout\" src=\"wp-content\/images\/2007-02-21-beytout-large-211x300.jpg\" alt=\"Nicolas Beytout\" srcset=\"https:\/\/www.lagora-edhec.com\/wp-content\/uploads\/2007-02-21-beytout-large-211x300.jpg 211w, https:\/\/www.lagora-edhec.com\/wp-content\/uploads\/2007-02-21-beytout-large.jpg 300w\" sizes=\"(max-width: 211px) 100vw, 211px\" \/><\/p>\n<p>Conf\u00e9rence avec Nicolas Beytout, ancien directeur de la r\u00e9daction des Echos, directeur de la r\u00e9daction du Figaro et fin analyste \u00e9conomique. Nous y avons d\u00e9battu de la presse et plus particuli\u00e8rement des difficult\u00e9s financi\u00e8res qu&rsquo;elle rencontrait actuellement avec une question pr\u00e9gnante : la presse gratuite a-t-elle un avenir ?<\/p>\n","protected":false},"excerpt":{"rendered":"<p>Conf\u00e9rence avec Nicolas Beytout, ancien directeur de la r\u00e9daction des Echos, directeur de la r\u00e9daction du Figaro et fin analyste \u00e9conomique. Nous y avons d\u00e9battu de la presse et plus particuli\u00e8rement des difficult\u00e9s financi\u00e8res qu&rsquo;elle rencontrait actuellement avec une question pr\u00e9gnante : la presse gratuite a-t-elle un avenir ?<\/p>\n","protected":false},"author":1,"featured_media":346,"comment_status":"closed","ping_status":"closed","sticky":false,"template":"","format":"standard","meta":{"footnotes":""},"categories":[119,115,3],"tags":[],"class_list":["post-214","post","type-post","status-publish","format-standard","has-post-thumbnail","hentry","category-2006-2007","category-anciennes","category-conferences"],"_links":{"self":[{"href":"https:\/\/www.lagora-edhec.com\/index.php?rest_route=\/wp\/v2\/posts\/214","targetHints":{"allow":["GET"]}}],"collection":[{"href":"https:\/\/www.lagora-edhec.com\/index.php?rest_route=\/wp\/v2\/posts"}],"about":[{"href":"https:\/\/www.lagora-edhec.com\/index.php?rest_route=\/wp\/v2\/types\/post"}],"author":[{"embeddable":true,"href":"https:\/\/www.lagora-edhec.com\/index.php?rest_route=\/wp\/v2\/users\/1"}],"replies":[{"embeddable":true,"href":"https:\/\/www.lagora-edhec.com\/index.php?rest_route=%2Fwp%2Fv2%2Fcomments&post=214"}],"version-history":[{"count":11,"href":"https:\/\/www.lagora-edhec.com\/index.php?rest_route=\/wp\/v2\/posts\/214\/revisions"}],"predecessor-version":[{"id":4413,"href":"https:\/\/www.lagora-edhec.com\/index.php?rest_route=\/wp\/v2\/posts\/214\/revisions\/4413"}],"wp:featuredmedia":[{"embeddable":true,"href":"https:\/\/www.lagora-edhec.com\/index.php?rest_route=\/wp\/v2\/media\/346"}],"wp:attachment":[{"href":"https:\/\/www.lagora-edhec.com\/index.php?rest_route=%2Fwp%2Fv2%2Fmedia&parent=214"}],"wp:term":[{"taxonomy":"category","embeddable":true,"href":"https:\/\/www.lagora-edhec.com\/index.php?rest_route=%2Fwp%2Fv2%2Fcategories&post=214"},{"taxonomy":"post_tag","embeddable":true,"href":"https:\/\/www.lagora-edhec.com\/index.php?rest_route=%2Fwp%2Fv2%2Ftags&post=214"}],"curies":[{"name":"wp","href":"https:\/\/api.w.org\/{rel}","templated":true}]}}