{"id":202,"date":"2004-01-20T18:30:19","date_gmt":"2004-01-20T16:30:19","guid":{"rendered":"http:\/\/www.lagora-edhec.com\/?p=202"},"modified":"2013-08-18T22:41:39","modified_gmt":"2013-08-18T20:41:39","slug":"faut-il-depenaliser-le-cannabis","status":"publish","type":"post","link":"https:\/\/www.lagora-edhec.com\/?p=202","title":{"rendered":"Faut-il d\u00e9p\u00e9naliser le cannabis ?"},"content":{"rendered":"<p><img fetchpriority=\"high\" decoding=\"async\" width=\"212\" height=\"300\" class=\"alignleft size-medium wp-image-294\" title=\"Faut-il d\u00e9p\u00e9naliser le cannabis ?\" src=\"wp-content\/images\/2004-01-20-mamere-large-212x300.jpg\" alt=\"Faut-il d\u00e9p\u00e9naliser le cannabis ?\" srcset=\"https:\/\/www.lagora-edhec.com\/wp-content\/uploads\/2004-01-20-mamere-large-212x300.jpg 212w, https:\/\/www.lagora-edhec.com\/wp-content\/uploads\/2004-01-20-mamere-large.jpg 300w\" sizes=\"(max-width: 212px) 100vw, 212px\" \/>Le 20 Janvier 2004, L&rsquo;Agora du Nord recevait No\u00ebl Mam\u00e8re (D\u00e9put\u00e9-Maire de B\u00e8gles) et Jean-Paul Bruneau (Pr\u00e9sident d&rsquo;une association de r\u00e9insertion des toxicomanes).<\/p>\n","protected":false},"excerpt":{"rendered":"<p>Le 20 Janvier 2004, L&rsquo;Agora du Nord recevait No\u00ebl Mam\u00e8re (D\u00e9put\u00e9-Maire de B\u00e8gles) et Jean-Paul Bruneau (Pr\u00e9sident d&rsquo;une association de r\u00e9insertion des toxicomanes).<\/p>\n","protected":false},"author":1,"featured_media":294,"comment_status":"closed","ping_status":"closed","sticky":false,"template":"","format":"standard","meta":{"footnotes":""},"categories":[122,115,3],"tags":[],"class_list":["post-202","post","type-post","status-publish","format-standard","has-post-thumbnail","hentry","category-2003-2004","category-anciennes","category-conferences"],"_links":{"self":[{"href":"https:\/\/www.lagora-edhec.com\/index.php?rest_route=\/wp\/v2\/posts\/202","targetHints":{"allow":["GET"]}}],"collection":[{"href":"https:\/\/www.lagora-edhec.com\/index.php?rest_route=\/wp\/v2\/posts"}],"about":[{"href":"https:\/\/www.lagora-edhec.com\/index.php?rest_route=\/wp\/v2\/types\/post"}],"author":[{"embeddable":true,"href":"https:\/\/www.lagora-edhec.com\/index.php?rest_route=\/wp\/v2\/users\/1"}],"replies":[{"embeddable":true,"href":"https:\/\/www.lagora-edhec.com\/index.php?rest_route=%2Fwp%2Fv2%2Fcomments&post=202"}],"version-history":[{"count":7,"href":"https:\/\/www.lagora-edhec.com\/index.php?rest_route=\/wp\/v2\/posts\/202\/revisions"}],"predecessor-version":[{"id":4429,"href":"https:\/\/www.lagora-edhec.com\/index.php?rest_route=\/wp\/v2\/posts\/202\/revisions\/4429"}],"wp:featuredmedia":[{"embeddable":true,"href":"https:\/\/www.lagora-edhec.com\/index.php?rest_route=\/wp\/v2\/media\/294"}],"wp:attachment":[{"href":"https:\/\/www.lagora-edhec.com\/index.php?rest_route=%2Fwp%2Fv2%2Fmedia&parent=202"}],"wp:term":[{"taxonomy":"category","embeddable":true,"href":"https:\/\/www.lagora-edhec.com\/index.php?rest_route=%2Fwp%2Fv2%2Fcategories&post=202"},{"taxonomy":"post_tag","embeddable":true,"href":"https:\/\/www.lagora-edhec.com\/index.php?rest_route=%2Fwp%2Fv2%2Ftags&post=202"}],"curies":[{"name":"wp","href":"https:\/\/api.w.org\/{rel}","templated":true}]}}