{"id":194,"date":"2004-02-09T18:30:29","date_gmt":"2004-02-09T16:30:29","guid":{"rendered":"http:\/\/www.lagora-edhec.com\/?p=194"},"modified":"2013-08-18T22:41:39","modified_gmt":"2013-08-18T20:41:39","slug":"israel-palestine-sortira-t-on-un-jour-de-limpasse","status":"publish","type":"post","link":"https:\/\/www.lagora-edhec.com\/?p=194","title":{"rendered":"Isra\u00ebl-Palestine : Sortira-t-on un jour de l&rsquo;impasse?"},"content":{"rendered":"<p><img fetchpriority=\"high\" decoding=\"async\" width=\"212\" height=\"300\" class=\"alignleft size-medium wp-image-296\" title=\"Isra\u00ebl-Palestine : Sortira-t-on un jour de l'impasse?\" src=\"wp-content\/images\/2004-02-09-shahid-large-212x300.jpg\" alt=\"Isra\u00ebl-Palestine : Sortira-t-on un jour de l'impasse?\" srcset=\"https:\/\/www.lagora-edhec.com\/wp-content\/uploads\/2004-02-09-shahid-large-212x300.jpg 212w, https:\/\/www.lagora-edhec.com\/wp-content\/uploads\/2004-02-09-shahid-large.jpg 300w\" sizes=\"(max-width: 212px) 100vw, 212px\" \/>Le 9 F\u00e9vrier 2004, L&rsquo;Agora du Nord recevait Le\u00efla Shahid (D\u00e9l\u00e9gu\u00e9e de la Palestine en France) et Th\u00e9o Klein (Ancien Pr\u00e9sident du CRIF) pour un d\u00e9bat sur le conflit isra\u00eblo-palestinien.<\/p>\n","protected":false},"excerpt":{"rendered":"<p>Le 9 F\u00e9vrier 2004, L&rsquo;Agora du Nord recevait Le\u00efla Shahid (D\u00e9l\u00e9gu\u00e9e de la Palestine en France) et Th\u00e9o Klein (Ancien Pr\u00e9sident du CRIF) pour un d\u00e9bat sur le conflit isra\u00eblo-palestinien.<\/p>\n","protected":false},"author":1,"featured_media":296,"comment_status":"closed","ping_status":"closed","sticky":false,"template":"","format":"standard","meta":{"footnotes":""},"categories":[122,115,3],"tags":[],"class_list":["post-194","post","type-post","status-publish","format-standard","has-post-thumbnail","hentry","category-2003-2004","category-anciennes","category-conferences"],"_links":{"self":[{"href":"https:\/\/www.lagora-edhec.com\/index.php?rest_route=\/wp\/v2\/posts\/194","targetHints":{"allow":["GET"]}}],"collection":[{"href":"https:\/\/www.lagora-edhec.com\/index.php?rest_route=\/wp\/v2\/posts"}],"about":[{"href":"https:\/\/www.lagora-edhec.com\/index.php?rest_route=\/wp\/v2\/types\/post"}],"author":[{"embeddable":true,"href":"https:\/\/www.lagora-edhec.com\/index.php?rest_route=\/wp\/v2\/users\/1"}],"replies":[{"embeddable":true,"href":"https:\/\/www.lagora-edhec.com\/index.php?rest_route=%2Fwp%2Fv2%2Fcomments&post=194"}],"version-history":[{"count":9,"href":"https:\/\/www.lagora-edhec.com\/index.php?rest_route=\/wp\/v2\/posts\/194\/revisions"}],"predecessor-version":[{"id":4428,"href":"https:\/\/www.lagora-edhec.com\/index.php?rest_route=\/wp\/v2\/posts\/194\/revisions\/4428"}],"wp:featuredmedia":[{"embeddable":true,"href":"https:\/\/www.lagora-edhec.com\/index.php?rest_route=\/wp\/v2\/media\/296"}],"wp:attachment":[{"href":"https:\/\/www.lagora-edhec.com\/index.php?rest_route=%2Fwp%2Fv2%2Fmedia&parent=194"}],"wp:term":[{"taxonomy":"category","embeddable":true,"href":"https:\/\/www.lagora-edhec.com\/index.php?rest_route=%2Fwp%2Fv2%2Fcategories&post=194"},{"taxonomy":"post_tag","embeddable":true,"href":"https:\/\/www.lagora-edhec.com\/index.php?rest_route=%2Fwp%2Fv2%2Ftags&post=194"}],"curies":[{"name":"wp","href":"https:\/\/api.w.org\/{rel}","templated":true}]}}