{"id":1868,"date":"2010-11-09T18:15:40","date_gmt":"2010-11-09T16:15:40","guid":{"rendered":"http:\/\/www.lagora-edhec.com\/?p=1868"},"modified":"2013-08-18T22:39:43","modified_gmt":"2013-08-18T20:39:43","slug":"lagora-recoit-guillaume-pepy","status":"publish","type":"post","link":"https:\/\/www.lagora-edhec.com\/?p=1868","title":{"rendered":"L&rsquo;Agora re\u00e7oit Guillaume Pepy"},"content":{"rendered":"<p style=\"text-align: justify\";><img fetchpriority=\"high\" decoding=\"async\" class=\"alignleft size-full wp-image-1877\" title=\"Affiche Guillaume Pepy\" src=\"wp-content\/images\/affiche_pepy_site.jpg\" alt=\"Affiche Guillaume Pepy\" width=\"212\" height=\"300\" \/>Mardi 9 novembre 2010 \u00e0 18h15 \u00e0 l\u2019EDHEC, l&rsquo;Agora re\u00e7oit Guillaume Pepy, actuel pr\u00e9sident de la SNCF.<\/p>\n<p style=\"text-align: justify\";>Guillaume Pepy est dipl\u00f4m\u00e9 de l\u2019Institut d\u2019\u00e9tudes politiques de Paris et ancien \u00e9l\u00e8ve de l\u2019ENA. Il multiplie par la suite les postes \u00e0 hautes responsabilit\u00e9s: conseiller dans plusieurs cabinets minist\u00e9riels, ou ma\u00eetre des requ\u00eates au Conseil d\u2019Etat. Mais c\u2019est \u00e0 la SNCF que Guillaume Pepy r\u00e9alise la majeure partie de sa carri\u00e8re. Depuis 1988, il y occupe de nombreuses hautes fonctions comme directeur des Grandes Lignes ou directeur g\u00e9n\u00e9ral ex\u00e9cutif. En 2008, il est nomm\u00e9 pr\u00e9sident-directeur g\u00e9n\u00e9ral.<\/p>\n<p style=\"text-align: justify\";>Faire face \u00e0 de multiples crises telles qu\u2019en conna\u00eet la SNCF, mais surtout b\u00e2tir le long terme et faire de l\u2019entreprise un groupe de transport multimodal international, telle est sa mission. Le d\u00e9bat portera entre autre sur la strat\u00e9gie d\u2019avenir de la SNCF, sur la modernisation de ses services, sur ses atouts face \u00e0 ses concurrents europ\u00e9ens, comme sur ses faiblesses, point\u00e9es du doigt par l\u2019actualit\u00e9 r\u00e9cente.<\/p>\n<p style=\"text-align: justify\";>Venez nombreux!<\/p>\n<p style=\"text-align: justify\";>Auditorium de l&rsquo;EDHEC \u00e0 18h15, entr\u00e9e libre.<\/p>\n<p style=\"text-align: center\";><strong>La vid\u00e9o de la conf\u00e9rence<\/strong><\/p>\n<p><iframe frameborder=\"0\" width=\"480\" height=\"270\" src=\"http:\/\/www.dailymotion.com\/embed\/video\/xfo93o\"><\/iframe><br \/><a href=\"http:\/\/www.dailymotion.com\/video\/xfo93o_conference-guillaume-pepy_school\" target=\"_blank\">Conf&eacute;rence Guillaume Pepy<\/a> <i>par <a href=\"http:\/\/www.dailymotion.com\/Agora_du_Nord\" target=\"_blank\">Agora_du_Nord<\/a><\/i><\/p>\n","protected":false},"excerpt":{"rendered":"<p>Mardi 9 novembre 2010 \u00e0 18h15 \u00e0 l\u2019EDHEC, l&rsquo;Agora re\u00e7oit Guillaume Pepy, actuel pr\u00e9sident de la SNCF. Guillaume Pepy est dipl\u00f4m\u00e9 de l\u2019Institut d\u2019\u00e9tudes politiques de Paris et ancien \u00e9l\u00e8ve de l\u2019ENA. Il multiplie par la suite les postes \u00e0 hautes responsabilit\u00e9s: conseiller dans plusieurs cabinets minist\u00e9riels, ou ma\u00eetre des requ\u00eates au Conseil d\u2019Etat. Mais [&hellip;]<\/p>\n","protected":false},"author":1,"featured_media":3252,"comment_status":"closed","ping_status":"closed","sticky":false,"template":"","format":"standard","meta":{"footnotes":""},"categories":[124,3],"tags":[],"class_list":["post-1868","post","type-post","status-publish","format-standard","has-post-thumbnail","hentry","category-2010-2011","category-conferences"],"_links":{"self":[{"href":"https:\/\/www.lagora-edhec.com\/index.php?rest_route=\/wp\/v2\/posts\/1868","targetHints":{"allow":["GET"]}}],"collection":[{"href":"https:\/\/www.lagora-edhec.com\/index.php?rest_route=\/wp\/v2\/posts"}],"about":[{"href":"https:\/\/www.lagora-edhec.com\/index.php?rest_route=\/wp\/v2\/types\/post"}],"author":[{"embeddable":true,"href":"https:\/\/www.lagora-edhec.com\/index.php?rest_route=\/wp\/v2\/users\/1"}],"replies":[{"embeddable":true,"href":"https:\/\/www.lagora-edhec.com\/index.php?rest_route=%2Fwp%2Fv2%2Fcomments&post=1868"}],"version-history":[{"count":19,"href":"https:\/\/www.lagora-edhec.com\/index.php?rest_route=\/wp\/v2\/posts\/1868\/revisions"}],"predecessor-version":[{"id":4179,"href":"https:\/\/www.lagora-edhec.com\/index.php?rest_route=\/wp\/v2\/posts\/1868\/revisions\/4179"}],"wp:featuredmedia":[{"embeddable":true,"href":"https:\/\/www.lagora-edhec.com\/index.php?rest_route=\/wp\/v2\/media\/3252"}],"wp:attachment":[{"href":"https:\/\/www.lagora-edhec.com\/index.php?rest_route=%2Fwp%2Fv2%2Fmedia&parent=1868"}],"wp:term":[{"taxonomy":"category","embeddable":true,"href":"https:\/\/www.lagora-edhec.com\/index.php?rest_route=%2Fwp%2Fv2%2Fcategories&post=1868"},{"taxonomy":"post_tag","embeddable":true,"href":"https:\/\/www.lagora-edhec.com\/index.php?rest_route=%2Fwp%2Fv2%2Ftags&post=1868"}],"curies":[{"name":"wp","href":"https:\/\/api.w.org\/{rel}","templated":true}]}}