{"id":1709,"date":"2010-04-27T18:00:38","date_gmt":"2010-04-27T16:00:38","guid":{"rendered":"http:\/\/www.lagora-edhec.com\/?p=1709"},"modified":"2013-08-18T22:40:18","modified_gmt":"2013-08-18T20:40:18","slug":"visionnaire-ou-reactionnaire","status":"publish","type":"post","link":"https:\/\/www.lagora-edhec.com\/?p=1709","title":{"rendered":"Visionnaire ou r\u00e9actionnaire ?"},"content":{"rendered":"<p><a href=\"wp-content\/images\/affiche_zemmour-2.jpg\"><img fetchpriority=\"high\" decoding=\"async\" width=\"212\" height=\"300\" class=\"alignleft size-medium wp-image-1710\" title=\"Eric Zemmour\" src=\"wp-content\/images\/affiche_zemmour-2-212x300.jpg\" alt=\"Eric Zemmour\" srcset=\"https:\/\/www.lagora-edhec.com\/wp-content\/uploads\/affiche_zemmour-2-212x300.jpg 212w, https:\/\/www.lagora-edhec.com\/wp-content\/uploads\/affiche_zemmour-2.jpg 413w\" sizes=\"(max-width: 212px) 100vw, 212px\" \/><\/a>Mardi 27 Avril, l&rsquo;Agora re\u00e7oit Eric Zemmour, l&rsquo;Homme qui d\u00e9range&#8230;\u00a0Journaliste et Ecrivain, Eric Zemmour \u00e9volue en tant que reporter au Figaro, chroniqueur et pol\u00e9miste dans l&rsquo;\u00e9mission <span style=\"text-decoration: underline;\">On n&rsquo;est pas couch\u00e9<\/span> (France 2)\u00a0aux cot\u00e9s d&rsquo;Eric Naulleau, dans l&rsquo;\u00e9mission <span style=\"text-decoration: underline;\">\u00c7a se dispute<\/span> (iT\u00e9l\u00e9) et dans l&rsquo;\u00e9mission <span style=\"text-decoration: underline;\">Z comme Zemmour <\/span><span>(RTL)<\/span>. \u00a0Connu du grand public pour ses nombreux \u00ab\u00a0Clashs\u00a0\u00bb m\u00e9diatiques et pour ses positions tr\u00e8s contest\u00e9es, Eric Zemmour reviendra \u00e0 la fois sur l&rsquo;actualit\u00e9 politique, sur ses d\u00e9rapages m\u00e9diatiques et sur son dernier livre <span style=\"text-decoration: underline;\">M\u00e9lancolie fran\u00e7aise<\/span>.\u00a0Un \u00e9v\u00e9nement Agora \u00e0 ne manquer sous aucun pr\u00e9texte !!!\u00a0Amphi Saint Louis, 18h00. Entr\u00e9e libre. PS :\u00a0L&rsquo;\u00e9quipe de l&rsquo;Agora conseille aux personnes voulant s&rsquo;asseoir dans l&rsquo;Amphi Principal d&rsquo;arriver tr\u00e8s en avance.<\/p>\n<p>&nbsp;<\/p>\n<p>&nbsp;<\/p>\n<p><iframe frameborder=\"0\" width=\"480\" height=\"270\" src=\"http:\/\/www.dailymotion.com\/embed\/video\/xd8py6\"><\/iframe><br \/><a href=\"http:\/\/www.dailymotion.com\/video\/xd8py6_conference-eric-zemmour_school\" target=\"_blank\">Conf&eacute;rence Eric Zemmour<\/a> <i>par <a href=\"http:\/\/www.dailymotion.com\/Agora_du_Nord\" target=\"_blank\">Agora_du_Nord<\/a><\/i><\/p>\n","protected":false},"excerpt":{"rendered":"<p>Mardi 27 Avril, l&rsquo;Agora re\u00e7oit Eric Zemmour, l&rsquo;Homme qui d\u00e9range&#8230;\u00a0Journaliste et Ecrivain, Eric Zemmour \u00e9volue en tant que reporter au Figaro, chroniqueur et pol\u00e9miste dans l&rsquo;\u00e9mission On n&rsquo;est pas couch\u00e9 (France 2)\u00a0aux cot\u00e9s d&rsquo;Eric Naulleau, dans l&rsquo;\u00e9mission \u00c7a se dispute (iT\u00e9l\u00e9) et dans l&rsquo;\u00e9mission Z comme Zemmour (RTL). \u00a0Connu du grand public pour ses nombreux [&hellip;]<\/p>\n","protected":false},"author":1,"featured_media":3261,"comment_status":"closed","ping_status":"closed","sticky":false,"template":"","format":"standard","meta":{"footnotes":""},"categories":[116,3],"tags":[105],"class_list":["post-1709","post","type-post","status-publish","format-standard","has-post-thumbnail","hentry","category-2009-2010","category-conferences","tag-eric-zemmour"],"_links":{"self":[{"href":"https:\/\/www.lagora-edhec.com\/index.php?rest_route=\/wp\/v2\/posts\/1709","targetHints":{"allow":["GET"]}}],"collection":[{"href":"https:\/\/www.lagora-edhec.com\/index.php?rest_route=\/wp\/v2\/posts"}],"about":[{"href":"https:\/\/www.lagora-edhec.com\/index.php?rest_route=\/wp\/v2\/types\/post"}],"author":[{"embeddable":true,"href":"https:\/\/www.lagora-edhec.com\/index.php?rest_route=\/wp\/v2\/users\/1"}],"replies":[{"embeddable":true,"href":"https:\/\/www.lagora-edhec.com\/index.php?rest_route=%2Fwp%2Fv2%2Fcomments&post=1709"}],"version-history":[{"count":13,"href":"https:\/\/www.lagora-edhec.com\/index.php?rest_route=\/wp\/v2\/posts\/1709\/revisions"}],"predecessor-version":[{"id":4195,"href":"https:\/\/www.lagora-edhec.com\/index.php?rest_route=\/wp\/v2\/posts\/1709\/revisions\/4195"}],"wp:featuredmedia":[{"embeddable":true,"href":"https:\/\/www.lagora-edhec.com\/index.php?rest_route=\/wp\/v2\/media\/3261"}],"wp:attachment":[{"href":"https:\/\/www.lagora-edhec.com\/index.php?rest_route=%2Fwp%2Fv2%2Fmedia&parent=1709"}],"wp:term":[{"taxonomy":"category","embeddable":true,"href":"https:\/\/www.lagora-edhec.com\/index.php?rest_route=%2Fwp%2Fv2%2Fcategories&post=1709"},{"taxonomy":"post_tag","embeddable":true,"href":"https:\/\/www.lagora-edhec.com\/index.php?rest_route=%2Fwp%2Fv2%2Ftags&post=1709"}],"curies":[{"name":"wp","href":"https:\/\/api.w.org\/{rel}","templated":true}]}}