{"id":1706,"date":"2010-04-21T18:30:31","date_gmt":"2010-04-21T16:30:31","guid":{"rendered":"http:\/\/www.lagora-edhec.com\/?p=1706"},"modified":"2013-08-18T22:40:18","modified_gmt":"2013-08-18T20:40:18","slug":"lhomme-qui-fait-valser-la-gauche-traditionnelle","status":"publish","type":"post","link":"https:\/\/www.lagora-edhec.com\/?p=1706","title":{"rendered":"L&rsquo;homme qui fait valser la gauche traditionnelle"},"content":{"rendered":"<p><a href=\"wp-content\/images\/affiche_plasmas4.jpg\"><img fetchpriority=\"high\" decoding=\"async\" width=\"212\" height=\"300\" class=\"alignleft size-medium wp-image-1707\" title=\"Manuel Valls\" src=\"wp-content\/images\/affiche_plasmas4-212x300.jpg\" alt=\"Manuel Valls\" srcset=\"https:\/\/www.lagora-edhec.com\/wp-content\/uploads\/affiche_plasmas4-212x300.jpg 212w, https:\/\/www.lagora-edhec.com\/wp-content\/uploads\/affiche_plasmas4-724x1024.jpg 724w, https:\/\/www.lagora-edhec.com\/wp-content\/uploads\/affiche_plasmas4.jpg 1654w\" sizes=\"(max-width: 212px) 100vw, 212px\" \/><\/a>Mercredi 21 Avril, l&rsquo; Agora re\u00e7oit Manuel Valls, d\u00e9put\u00e9 PS de l&rsquo;Essonne et maire d&rsquo;Evry. Consid\u00e9r\u00e9 par beaucoup comme l&rsquo;\u00e9toile montante du Parti Socialiste, Manuel Valls est connu pour son franc-parler. Son projet original de \u00ab\u00a0social-lib\u00e9ralisme \u00e0 la fran\u00e7aise\u00a0\u00bb n&rsquo;est pas pass\u00e9 inaper\u00e7u, de m\u00eame que ses critiques envers le fonctionnement du PS. Ensemble, nous \u00e9voquerons bien entendu l&rsquo;actualit\u00e9 politique d&rsquo;une France en crise, mais aussi son projet pour la gauche de demain et pour les pr\u00e9sidentielles de 2012, pour lesquelles il s&rsquo;est d\u00e9clar\u00e9 candidat au sein de son parti. Venez nombreux !\u00a0\u00a0Amphi Saint Louis, 18h30. Entr\u00e9e libre.<\/p>\n<p>&nbsp;<\/p>\n<p>&nbsp;<\/p>\n<p>&nbsp;<\/p>\n<p><iframe frameborder=\"0\" width=\"480\" height=\"270\" src=\"http:\/\/www.dailymotion.com\/embed\/video\/xd65q0\"><\/iframe><br \/><a href=\"http:\/\/www.dailymotion.com\/video\/xd65q0_conference-manuel-valls_school\" target=\"_blank\">Conf&eacute;rence Manuel Valls<\/a> <i>par <a href=\"http:\/\/www.dailymotion.com\/Agora_du_Nord\" target=\"_blank\">Agora_du_Nord<\/a><\/i><\/p>\n","protected":false},"excerpt":{"rendered":"<p>Mercredi 21 Avril, l&rsquo; Agora re\u00e7oit Manuel Valls, d\u00e9put\u00e9 PS de l&rsquo;Essonne et maire d&rsquo;Evry. Consid\u00e9r\u00e9 par beaucoup comme l&rsquo;\u00e9toile montante du Parti Socialiste, Manuel Valls est connu pour son franc-parler. Son projet original de \u00ab\u00a0social-lib\u00e9ralisme \u00e0 la fran\u00e7aise\u00a0\u00bb n&rsquo;est pas pass\u00e9 inaper\u00e7u, de m\u00eame que ses critiques envers le fonctionnement du PS. Ensemble, nous [&hellip;]<\/p>\n","protected":false},"author":1,"featured_media":3263,"comment_status":"closed","ping_status":"closed","sticky":false,"template":"","format":"standard","meta":{"footnotes":""},"categories":[116,115,3],"tags":[],"class_list":["post-1706","post","type-post","status-publish","format-standard","has-post-thumbnail","hentry","category-2009-2010","category-anciennes","category-conferences"],"_links":{"self":[{"href":"https:\/\/www.lagora-edhec.com\/index.php?rest_route=\/wp\/v2\/posts\/1706","targetHints":{"allow":["GET"]}}],"collection":[{"href":"https:\/\/www.lagora-edhec.com\/index.php?rest_route=\/wp\/v2\/posts"}],"about":[{"href":"https:\/\/www.lagora-edhec.com\/index.php?rest_route=\/wp\/v2\/types\/post"}],"author":[{"embeddable":true,"href":"https:\/\/www.lagora-edhec.com\/index.php?rest_route=\/wp\/v2\/users\/1"}],"replies":[{"embeddable":true,"href":"https:\/\/www.lagora-edhec.com\/index.php?rest_route=%2Fwp%2Fv2%2Fcomments&post=1706"}],"version-history":[{"count":14,"href":"https:\/\/www.lagora-edhec.com\/index.php?rest_route=\/wp\/v2\/posts\/1706\/revisions"}],"predecessor-version":[{"id":4194,"href":"https:\/\/www.lagora-edhec.com\/index.php?rest_route=\/wp\/v2\/posts\/1706\/revisions\/4194"}],"wp:featuredmedia":[{"embeddable":true,"href":"https:\/\/www.lagora-edhec.com\/index.php?rest_route=\/wp\/v2\/media\/3263"}],"wp:attachment":[{"href":"https:\/\/www.lagora-edhec.com\/index.php?rest_route=%2Fwp%2Fv2%2Fmedia&parent=1706"}],"wp:term":[{"taxonomy":"category","embeddable":true,"href":"https:\/\/www.lagora-edhec.com\/index.php?rest_route=%2Fwp%2Fv2%2Fcategories&post=1706"},{"taxonomy":"post_tag","embeddable":true,"href":"https:\/\/www.lagora-edhec.com\/index.php?rest_route=%2Fwp%2Fv2%2Ftags&post=1706"}],"curies":[{"name":"wp","href":"https:\/\/api.w.org\/{rel}","templated":true}]}}