{"id":1680,"date":"2010-03-24T17:00:03","date_gmt":"2010-03-24T15:00:03","guid":{"rendered":"http:\/\/www.lagora-edhec.com\/?p=1680"},"modified":"2013-08-18T22:40:18","modified_gmt":"2013-08-18T20:40:18","slug":"edhec-mediterranee-2010","status":"publish","type":"post","link":"https:\/\/www.lagora-edhec.com\/?p=1680","title":{"rendered":"EDHEC M\u00e9diterran\u00e9e 2010"},"content":{"rendered":"<p><a href=\"wp-content\/images\/affiche_edhec_mediterranee1.jpg\"><img fetchpriority=\"high\" decoding=\"async\" width=\"212\" height=\"300\" class=\"alignleft size-medium wp-image-1684\" title=\"EDHEC M\u00e9diterran\u00e9e 2010 \" src=\"wp-content\/images\/affiche_edhec_mediterranee1-212x300.jpg\" alt=\"EDHEC M\u00e9diterran\u00e9e 2010 \" srcset=\"https:\/\/www.lagora-edhec.com\/wp-content\/uploads\/affiche_edhec_mediterranee1-212x300.jpg 212w, https:\/\/www.lagora-edhec.com\/wp-content\/uploads\/affiche_edhec_mediterranee1-723x1024.jpg 723w, https:\/\/www.lagora-edhec.com\/wp-content\/uploads\/affiche_edhec_mediterranee1.jpg 1169w\" sizes=\"(max-width: 212px) 100vw, 212px\" \/><\/a><\/p>\n<p class=\"x_MsoNormal\"><span>Mercredi 24 Mars, L\u2019Agora organise sur le campus de Nice la premi\u00e8re \u00e9dition d\u2019 EDHEC M\u00e9diterran\u00e9e, un d\u00e9bat enti\u00e8rement consacr\u00e9 \u00e0 l\u2019Union pour la M\u00e9diterran\u00e9e. Seront pr\u00e9sents \u00e0 cet \u00e9v\u00e9nement\u00a0: <\/span><strong><span>Madame <\/span><\/strong><strong><span>Caroline Cornu<\/span><\/strong><span>, Chef de Cabinet d\u2019Henri Guaino pour la Mission Union pour la\u00a0<em><span>M\u00e9diterran\u00e9e<\/span><\/em><em>,<\/em> <strong>Madame Isabelle Costa<\/strong>, Adjoint au Directeur des Affaires Internationales de Monaco ainsi que\u00a0<strong>Monsieur Jean-Pierre Fonteneau<\/strong>,\u00a0<span>Vice-pr\u00e9sident de la Section Monaco des Conseillers du Commerce Ext\u00e9rieur de la France.<\/span><\/span><\/p>\n<p class=\"x_MsoNormal\"><span>Rendez-vous en amphi. 0002 \u00e0 17h pour en savoir plus sur ce projet ambitieux d\u2019Union pour la M\u00e9diterran\u00e9e\u00a0!Entr\u00e9e Libre<\/span><\/p>\n","protected":false},"excerpt":{"rendered":"<p>Mercredi 24 Mars, L\u2019Agora organise sur le campus de Nice la premi\u00e8re \u00e9dition d\u2019 EDHEC M\u00e9diterran\u00e9e, un d\u00e9bat enti\u00e8rement consacr\u00e9 \u00e0 l\u2019Union pour la M\u00e9diterran\u00e9e. Seront pr\u00e9sents \u00e0 cet \u00e9v\u00e9nement\u00a0: Madame Caroline Cornu, Chef de Cabinet d\u2019Henri Guaino pour la Mission Union pour la\u00a0M\u00e9diterran\u00e9e, Madame Isabelle Costa, Adjoint au Directeur des Affaires Internationales de Monaco [&hellip;]<\/p>\n","protected":false},"author":1,"featured_media":3267,"comment_status":"closed","ping_status":"closed","sticky":false,"template":"","format":"standard","meta":{"footnotes":""},"categories":[116,115,3],"tags":[],"class_list":["post-1680","post","type-post","status-publish","format-standard","has-post-thumbnail","hentry","category-2009-2010","category-anciennes","category-conferences"],"_links":{"self":[{"href":"https:\/\/www.lagora-edhec.com\/index.php?rest_route=\/wp\/v2\/posts\/1680","targetHints":{"allow":["GET"]}}],"collection":[{"href":"https:\/\/www.lagora-edhec.com\/index.php?rest_route=\/wp\/v2\/posts"}],"about":[{"href":"https:\/\/www.lagora-edhec.com\/index.php?rest_route=\/wp\/v2\/types\/post"}],"author":[{"embeddable":true,"href":"https:\/\/www.lagora-edhec.com\/index.php?rest_route=\/wp\/v2\/users\/1"}],"replies":[{"embeddable":true,"href":"https:\/\/www.lagora-edhec.com\/index.php?rest_route=%2Fwp%2Fv2%2Fcomments&post=1680"}],"version-history":[{"count":10,"href":"https:\/\/www.lagora-edhec.com\/index.php?rest_route=\/wp\/v2\/posts\/1680\/revisions"}],"predecessor-version":[{"id":4076,"href":"https:\/\/www.lagora-edhec.com\/index.php?rest_route=\/wp\/v2\/posts\/1680\/revisions\/4076"}],"wp:featuredmedia":[{"embeddable":true,"href":"https:\/\/www.lagora-edhec.com\/index.php?rest_route=\/wp\/v2\/media\/3267"}],"wp:attachment":[{"href":"https:\/\/www.lagora-edhec.com\/index.php?rest_route=%2Fwp%2Fv2%2Fmedia&parent=1680"}],"wp:term":[{"taxonomy":"category","embeddable":true,"href":"https:\/\/www.lagora-edhec.com\/index.php?rest_route=%2Fwp%2Fv2%2Fcategories&post=1680"},{"taxonomy":"post_tag","embeddable":true,"href":"https:\/\/www.lagora-edhec.com\/index.php?rest_route=%2Fwp%2Fv2%2Ftags&post=1680"}],"curies":[{"name":"wp","href":"https:\/\/api.w.org\/{rel}","templated":true}]}}