{"id":141,"date":"2005-03-30T18:30:13","date_gmt":"2005-03-30T16:30:13","guid":{"rendered":"http:\/\/www.lagora-edhec.com\/?p=141"},"modified":"2013-08-18T22:41:17","modified_gmt":"2013-08-18T20:41:17","slug":"medias-economie-qui-detient-le-4eme-pouvoir","status":"publish","type":"post","link":"https:\/\/www.lagora-edhec.com\/?p=141","title":{"rendered":"M\u00e9dias, \u00e9conomie : qui d\u00e9tient le 4\u00e8me pouvoir ?"},"content":{"rendered":"<p><img fetchpriority=\"high\" decoding=\"async\" width=\"215\" height=\"300\" class=\"alignleft size-medium wp-image-310\" title=\"Edwy Plenel\" src=\"wp-content\/images\/2005-03-30-plenel-large-215x300.jpg\" alt=\"Edwy Plenel\" srcset=\"https:\/\/www.lagora-edhec.com\/wp-content\/uploads\/2005-03-30-plenel-large-215x300.jpg 215w, https:\/\/www.lagora-edhec.com\/wp-content\/uploads\/2005-03-30-plenel-large.jpg 300w\" sizes=\"(max-width: 215px) 100vw, 215px\" \/>Conf\u00e9rence du avec Edwy Plenel (Journaliste politique, ancien Directeur de la R\u00e9daction du journal <em>Le Monde<\/em>.<\/p>\n<p>Fils d&rsquo;un fonctionnaire, Edwy Plenel incorpore la Ligue Communiste R\u00e9volutionnaire en 1970 (LCR) et prend un pseudonyme, \u00ab\u00a0Joseph Krasny\u00a0\u00bb.  En 1976, il devient journaliste \u00e0 <em>Rouge<\/em>, le quotidien de la Ligue.  En 1979, il prend la direction de <em>Barricades<\/em>, le mensuel des jeunesses communistes.  A la fin des ann\u00e9es 70, Edwy Plenel incorpore l&rsquo;arm\u00e9e.  Il suit \u00e0 la lettre les directives de la LCR au quotidien mais ses m\u00e9thodes sont rigouresement punies.  Il d\u00e9cide donc de porter plainte contre le Minist\u00e8re de la D\u00e9fense mais sa cause n&rsquo;est pas entendue et il d\u00e9missionne de la Ligue.  En 1980, le journaliste entre au <em>Monde<\/em> et devient directeur de la r\u00e9daction en 1996.  Il quittera ce poste en Novembre 2004 pour se consacrer \u00ab\u00a0aux joies simples du journalisme et de l&rsquo;\u00e9criture\u00a0\u00bb.  Le 29 novembre 2004, jour de sa d\u00e9mission, il a signifi\u00e9 son d\u00e9part aux employ\u00e9s du quotidien par un e-mail dans lequel il a t\u00e9moign\u00e9 sa gratitude \u00e0 \u00ab\u00a0toutes celles et tous ceux qui, jour apr\u00e8s jour, ont particip\u00e9 \u00e0 ces dix ann\u00e9es de combat pour l&rsquo;ind\u00e9pendance \u00e9ditoriale et \u00e9conomique du <em>Monde<\/em>!\u00a0\u00bb<\/p>\n","protected":false},"excerpt":{"rendered":"<p>Conf\u00e9rence du avec Edwy Plenel (Journaliste politique, ancien Directeur de la R\u00e9daction du journal Le Monde. Fils d&rsquo;un fonctionnaire, Edwy Plenel incorpore la Ligue Communiste R\u00e9volutionnaire en 1970 (LCR) et prend un pseudonyme, \u00ab\u00a0Joseph Krasny\u00a0\u00bb. En 1976, il devient journaliste \u00e0 Rouge, le quotidien de la Ligue. En 1979, il prend la direction de Barricades, [&hellip;]<\/p>\n","protected":false},"author":1,"featured_media":310,"comment_status":"closed","ping_status":"closed","sticky":false,"template":"","format":"standard","meta":{"footnotes":""},"categories":[121,115,3],"tags":[],"class_list":["post-141","post","type-post","status-publish","format-standard","has-post-thumbnail","hentry","category-2004-2005","category-anciennes","category-conferences"],"_links":{"self":[{"href":"https:\/\/www.lagora-edhec.com\/index.php?rest_route=\/wp\/v2\/posts\/141","targetHints":{"allow":["GET"]}}],"collection":[{"href":"https:\/\/www.lagora-edhec.com\/index.php?rest_route=\/wp\/v2\/posts"}],"about":[{"href":"https:\/\/www.lagora-edhec.com\/index.php?rest_route=\/wp\/v2\/types\/post"}],"author":[{"embeddable":true,"href":"https:\/\/www.lagora-edhec.com\/index.php?rest_route=\/wp\/v2\/users\/1"}],"replies":[{"embeddable":true,"href":"https:\/\/www.lagora-edhec.com\/index.php?rest_route=%2Fwp%2Fv2%2Fcomments&post=141"}],"version-history":[{"count":9,"href":"https:\/\/www.lagora-edhec.com\/index.php?rest_route=\/wp\/v2\/posts\/141\/revisions"}],"predecessor-version":[{"id":4423,"href":"https:\/\/www.lagora-edhec.com\/index.php?rest_route=\/wp\/v2\/posts\/141\/revisions\/4423"}],"wp:featuredmedia":[{"embeddable":true,"href":"https:\/\/www.lagora-edhec.com\/index.php?rest_route=\/wp\/v2\/media\/310"}],"wp:attachment":[{"href":"https:\/\/www.lagora-edhec.com\/index.php?rest_route=%2Fwp%2Fv2%2Fmedia&parent=141"}],"wp:term":[{"taxonomy":"category","embeddable":true,"href":"https:\/\/www.lagora-edhec.com\/index.php?rest_route=%2Fwp%2Fv2%2Fcategories&post=141"},{"taxonomy":"post_tag","embeddable":true,"href":"https:\/\/www.lagora-edhec.com\/index.php?rest_route=%2Fwp%2Fv2%2Ftags&post=141"}],"curies":[{"name":"wp","href":"https:\/\/api.w.org\/{rel}","templated":true}]}}