{"id":11277,"date":"2024-09-05T16:30:45","date_gmt":"2024-09-05T15:30:45","guid":{"rendered":"https:\/\/www.lagora-edhec.com\/?p=11277"},"modified":"2024-09-05T16:38:58","modified_gmt":"2024-09-05T15:38:58","slug":"cyril-chiche-ou-la-vision-dun-nouveau-monde-entrepreneurial","status":"publish","type":"post","link":"https:\/\/www.lagora-edhec.com\/?p=11277","title":{"rendered":"Cyril Chiche ou la vision d\u2019un nouveau monde entrepreneurial"},"content":{"rendered":"\n<p class=\"has-large-font-size\"><strong><span class=\"has-inline-color has-colibri-color-1-color\">Cyril Chiche ou la vision d\u2019un nouveau monde entrepreneurial<\/span><\/strong><\/p>\n\n\n\n<p><strong>Le 30 avril dernier, l\u2019Agora recevait \u00e0 sa tribune Cyril Chiche pour une conf\u00e9rence sur le th\u00e8me \u00ab Vers l\u2019avenir des transactions \u00bb. <\/strong><\/p>\n\n\n\n<figure class=\"wp-block-image size-full\"><img fetchpriority=\"high\" decoding=\"async\" width=\"2560\" height=\"1438\" src=\"https:\/\/www.lagora-edhec.com\/wp-content\/uploads\/CC-article-post-conf-1-scaled.jpg\" alt=\"\" class=\"wp-image-11279\" srcset=\"https:\/\/www.lagora-edhec.com\/wp-content\/uploads\/CC-article-post-conf-1-scaled.jpg 2560w, https:\/\/www.lagora-edhec.com\/wp-content\/uploads\/CC-article-post-conf-1-300x168.jpg 300w, https:\/\/www.lagora-edhec.com\/wp-content\/uploads\/CC-article-post-conf-1-768x431.jpg 768w, https:\/\/www.lagora-edhec.com\/wp-content\/uploads\/CC-article-post-conf-1-1536x863.jpg 1536w, https:\/\/www.lagora-edhec.com\/wp-content\/uploads\/CC-article-post-conf-1-2048x1150.jpg 2048w\" sizes=\"(max-width: 2560px) 100vw, 2560px\" \/><\/figure>\n\n\n\n<p>De ses premi\u00e8res exp\u00e9riences professionnelles \u00e0 la cr\u00e9ation d\u2019une licorne fran\u00e7aise, Cyril Chiche est revenu sur son parcours pour nous livrer ses conseils, ses t\u00e9moignages et sa vision de chef d\u2019entreprise aguerri.<\/p>\n\n\n\n<p>D\u2019une id\u00e9e ing\u00e9nieuse li\u00e9e aux paiements en ligne \u00e0 la mise en pratique d\u2019une structure soci\u00e9tale, Cyril Chiche souligne les enjeux de comp\u00e9tences techniques li\u00e9s \u00e0 cette technologie en plus des r\u00e8glementations \u00e9tatiques en vigueur. Mais avec audace et humilit\u00e9, il nous d\u00e9crit que les \u00e9checs et les tentatives avort\u00e9es ont toujours \u00e9t\u00e9 source d\u2019apprentissage et lui ont permis de diriger une entreprise utilis\u00e9e par des millions de consommateurs aujourd\u2019hui.&nbsp;<\/p>\n\n\n\n<p>Monsieur Chiche s\u2019est aussi pench\u00e9 sur l\u2019avantage d\u2019\u00eatre accompagn\u00e9 d\u2019un co-fondateur qui permet selon lui de se remettre en question et devenir un v\u00e9ritable \u00ab couple entrepreneurial \u00bb.&nbsp;<\/p>\n\n\n\n<p>L\u2019Agora a souhait\u00e9 amener Cyril Chiche \u00e0 s\u2019exprimer sur les enjeux de s\u00e9curit\u00e9 des transactions et de protection des donn\u00e9es. Ainsi, Cyril Chiche a pr\u00e9sent\u00e9 le processus d\u00e9cisionnel de Lydia qu\u2019il r\u00e9sume ainsi en ces deux questions : \u00ab est-ce que je le ferai pour ma m\u00e8re ? \u00bb et si la r\u00e9ponse est positive, elle am\u00e8ne \u00e0 la deuxi\u00e8me question \u00ab comment je le ferai pour ma m\u00e8re ? \u00bb. On comprend ainsi la volont\u00e9 de d\u00e9mocratisation et de facilitation de l\u2019usage de Lydia pour tous tout en garantissant sa fiabilit\u00e9.<\/p>\n\n\n\n<p>Pour conclure, Cyril Chiche a tenu \u00e0 \u00e9clairer un point important. Il affirme que ce n\u2019est pas tant l\u2019id\u00e9e qui importe dans la cr\u00e9ation d\u2019une start-up mais plut\u00f4t l\u2019ex\u00e9cution et cette ex\u00e9cution passe par les personnes qui portent le projet. Il rappelle enfin que l\u2019entreprise n\u2019est pas un concours individuel mais bien un surpassement pour quelque chose qui est plus grand que soi et pour lequel l\u2019individuel importe peu face au collectif.<\/p>\n\n\n\n<p>La conf\u00e9rence de Cyril Chiche est disponible en int\u00e9gralit\u00e9 sur Youtube via le lien suivant :<\/p>\n\n\n\n<figure class=\"wp-block-embed is-type-video is-provider-youtube wp-block-embed-youtube wp-embed-aspect-16-9 wp-has-aspect-ratio\"><div class=\"wp-block-embed__wrapper\">\n<iframe title=\"L&#039;Agora re\u00e7oit Cyril Chiche, PDG de Lydia\" width=\"500\" height=\"281\" src=\"https:\/\/www.youtube.com\/embed\/INDwQiE8sNo?feature=oembed\" frameborder=\"0\" allow=\"accelerometer; autoplay; clipboard-write; encrypted-media; gyroscope; picture-in-picture; web-share\" referrerpolicy=\"strict-origin-when-cross-origin\" allowfullscreen><\/iframe>\n<\/div><\/figure>\n\n\n\n<p>Afin de rester au courant de l\u2019actualit\u00e9 de L\u2019Agora, nous vous invitons \u00e0 suivre nos r\u00e9seaux sociaux (Instagram, TikTok, LinkedIn, Facebook).<\/p>\n\n\n<ul class=\"wp-block-latest-posts__list wp-block-latest-posts\"><li><a class=\"wp-block-latest-posts__post-title\" href=\"https:\/\/www.lagora-edhec.com\/?p=11695\">Conf\u00e9rence de l\u2019Agora : Maxime Fournes et Jean-Baptiste Kempf \u00e9taient re\u00e7us le 26 mars \u00e0 la Tribune \u00e9tudiante de l\u2019Edhec Business School<\/a><\/li>\n<li><a class=\"wp-block-latest-posts__post-title\" href=\"https:\/\/www.lagora-edhec.com\/?p=11640\">Conf\u00e9rence de l\u2019Agora : Thomas-Olivier L\u00e9autier \u00e9tait re\u00e7u le 04\/02 \u00e0 la Tribune de l\u2019EDHEC Business School<\/a><\/li>\n<li><a class=\"wp-block-latest-posts__post-title\" href=\"https:\/\/www.lagora-edhec.com\/?p=11555\">Conf\u00e9rence de l\u2019Agora : Hengameh Yahyazadeh \u00e9tait re\u00e7ue le 3 d\u00e9cembre \u00e0 la Tribune \u00e9tudiante de l\u2019Edhec Business School<\/a><\/li>\n<li><a class=\"wp-block-latest-posts__post-title\" href=\"https:\/\/www.lagora-edhec.com\/?p=11487\">Conf\u00e9rence de l\u2019Agora : Jean Michel Fauvergue \u00e9tait re\u00e7u le 05\/11 \u00e0 la Tribune \u00e9tudiante de l\u2019EDHEC Business School<\/a><\/li>\n<li><a class=\"wp-block-latest-posts__post-title\" href=\"https:\/\/www.lagora-edhec.com\/?p=11292\">Conf\u00e9rence de l\u2019Agora : Juan Branco \u00e0 la Tribune \u00e9tudiante de l&rsquo;EDHEC Business School<\/a><\/li>\n<\/ul>\n\n\n<p><\/p>\n","protected":false},"excerpt":{"rendered":"<p>Cyril Chiche ou la vision d\u2019un nouveau monde entrepreneurial Le 30 avril dernier, l\u2019Agora recevait \u00e0 sa tribune Cyril Chiche pour une conf\u00e9rence sur le th\u00e8me \u00ab Vers l\u2019avenir des transactions \u00bb. De ses premi\u00e8res exp\u00e9riences professionnelles \u00e0 la cr\u00e9ation d\u2019une licorne fran\u00e7aise, Cyril Chiche est revenu sur son parcours pour nous livrer ses conseils, [&hellip;]<\/p>\n","protected":false},"author":39,"featured_media":0,"comment_status":"closed","ping_status":"closed","sticky":false,"template":"","format":"standard","meta":{"footnotes":""},"categories":[3],"tags":[],"class_list":["post-11277","post","type-post","status-publish","format-standard","hentry","category-conferences"],"_links":{"self":[{"href":"https:\/\/www.lagora-edhec.com\/index.php?rest_route=\/wp\/v2\/posts\/11277","targetHints":{"allow":["GET"]}}],"collection":[{"href":"https:\/\/www.lagora-edhec.com\/index.php?rest_route=\/wp\/v2\/posts"}],"about":[{"href":"https:\/\/www.lagora-edhec.com\/index.php?rest_route=\/wp\/v2\/types\/post"}],"author":[{"embeddable":true,"href":"https:\/\/www.lagora-edhec.com\/index.php?rest_route=\/wp\/v2\/users\/39"}],"replies":[{"embeddable":true,"href":"https:\/\/www.lagora-edhec.com\/index.php?rest_route=%2Fwp%2Fv2%2Fcomments&post=11277"}],"version-history":[{"count":2,"href":"https:\/\/www.lagora-edhec.com\/index.php?rest_route=\/wp\/v2\/posts\/11277\/revisions"}],"predecessor-version":[{"id":11281,"href":"https:\/\/www.lagora-edhec.com\/index.php?rest_route=\/wp\/v2\/posts\/11277\/revisions\/11281"}],"wp:attachment":[{"href":"https:\/\/www.lagora-edhec.com\/index.php?rest_route=%2Fwp%2Fv2%2Fmedia&parent=11277"}],"wp:term":[{"taxonomy":"category","embeddable":true,"href":"https:\/\/www.lagora-edhec.com\/index.php?rest_route=%2Fwp%2Fv2%2Fcategories&post=11277"},{"taxonomy":"post_tag","embeddable":true,"href":"https:\/\/www.lagora-edhec.com\/index.php?rest_route=%2Fwp%2Fv2%2Ftags&post=11277"}],"curies":[{"name":"wp","href":"https:\/\/api.w.org\/{rel}","templated":true}]}}