{"id":11211,"date":"2024-05-15T14:49:47","date_gmt":"2024-05-15T13:49:47","guid":{"rendered":"https:\/\/www.lagora-edhec.com\/?p=11211"},"modified":"2024-05-15T14:49:47","modified_gmt":"2024-05-15T13:49:47","slug":"paul-larrouturou-vers-un-journalisme-au-format-vertical","status":"publish","type":"post","link":"https:\/\/www.lagora-edhec.com\/?p=11211","title":{"rendered":"Paul Larrouturou: Vers un journalisme au format vertical"},"content":{"rendered":"\n<p class=\"has-large-font-size\"><span class=\"has-inline-color has-colibri-color-1-color\"><strong>Paul Larrouturou: Vers un journalisme au format vertical<\/strong><\/span><\/p>\n\n\n\n<p><strong>Le mercredi 3 avril, L\u2019Agora recevait \u00e0 sa tribune Paul Larrouturou dans l\u2019amphith\u00e9\u00e2tre de l\u2019EDHEC, pour une conf\u00e9rence sur le th\u00e8me \u00ab Les coulisses du journalisme politique\u00a0\u00bb.<\/strong><\/p>\n\n\n\n<div class=\"wp-block-cover has-background-dim-40 has-background-dim\"><img fetchpriority=\"high\" decoding=\"async\" width=\"2560\" height=\"1920\" class=\"wp-block-cover__image-background wp-image-11212\" alt=\"\" src=\"https:\/\/www.lagora-edhec.com\/wp-content\/uploads\/P1021919-scaled.jpg\" style=\"object-position:46% 93%\" data-object-fit=\"cover\" data-object-position=\"46% 93%\" srcset=\"https:\/\/www.lagora-edhec.com\/wp-content\/uploads\/P1021919-scaled.jpg 2560w, https:\/\/www.lagora-edhec.com\/wp-content\/uploads\/P1021919-300x225.jpg 300w, https:\/\/www.lagora-edhec.com\/wp-content\/uploads\/P1021919-768x576.jpg 768w, https:\/\/www.lagora-edhec.com\/wp-content\/uploads\/P1021919-1536x1152.jpg 1536w, https:\/\/www.lagora-edhec.com\/wp-content\/uploads\/P1021919-2048x1536.jpg 2048w\" sizes=\"(max-width: 2560px) 100vw, 2560px\" \/><div class=\"wp-block-cover__inner-container is-layout-flow wp-block-cover-is-layout-flow\">\n<p class=\"has-text-align-center has-large-font-size\"><\/p>\n<\/div><\/div>\n\n\n\n<p><\/p>\n\n\n\n<p class=\"has-text-align-left\">La conf\u00e9rence d\u00e9bute sur le r\u00e9cent tournant pris par la carri\u00e8re de notre invit\u00e9, qui a choisi de quitter les plateaux de t\u00e9l\u00e9vision pour se tourner vers le reportage sur les r\u00e9seaux sociaux. La r\u00e9ponse de Paul Larrouturou est simple : il n\u2019a fait que suivre le public, qui s\u2019informe de nos jours tr\u00e8s majoritairement sur son t\u00e9l\u00e9phone.<\/p>\n\n\n\n<p class=\"has-text-align-left\">Et de faire un constat plus sombre : le temps d\u2019attention des Fran\u00e7ais au contenu journalistique n\u2019a cess\u00e9 de diminuer ces derni\u00e8res ann\u00e9es, jusqu\u2019\u00e0 ne plus repr\u00e9senter qu\u2019une poign\u00e9e de secondes. Face \u00e0 cela, deux attitudes sont possibles pour les professionnels de l\u2019actualit\u00e9 : tenter, \u00e0 contre-courant, d\u2019attirer de nouveau les lecteurs et spectateurs vers les formes plus classiques de l\u2019information, ou au contraire suivre le sens du mouvement. Paul Larrouturou choisit la seconde option et s\u2019emploie \u00e0 adapter l\u2019information aux nouveaux modes de consommation. L\u2019enjeu est de conserver le s\u00e9rieux du contenu et garantir sa fiabilit\u00e9, afin d\u2019\u00e9viter de tomber dans l\u2019\u00e9cueil de <em>l\u2019infotainment<\/em> \u2013 le m\u00e9lange entre l\u2019information et le divertissement. \u00catre journaliste aujourd\u2019hui c\u2019est alors, plus que jamais, balancer entre l\u2019imp\u00e9ratif de v\u00e9racit\u00e9 et la n\u00e9cessit\u00e9 de se montrer le plus r\u00e9actif possible, \u00e0 la recherche d\u2019un \u00e9quilibre souvent pr\u00e9caire.<\/p>\n\n\n\n<p><\/p>\n\n\n\n<p class=\"has-text-align-center\"><em><span class=\"has-inline-color has-colibri-color-1-color\"><strong>\u00ab L\u2019enjeu est d\u2019attraper l\u2019attention des gens. \u00bb<\/strong><\/span><\/em><\/p>\n\n\n\n<p><\/p>\n\n\n\n<p class=\"has-text-align-left\">A titre plus personnel, Paul Larrouturou avoue \u00eatre \u00e9galement concern\u00e9 par le n\u00e9ologisme n\u00e9 du d\u00e9veloppement de l\u2019information en continu \u00e0 l\u2019\u00e8re num\u00e9rique, l\u2019infob\u00e9sit\u00e9. Il est en effet parfois difficile de mettre en pause ce flux constant et d\u2019accepter manquer certaines informations.<\/p>\n\n\n\n<p class=\"has-text-align-left\">A une question concernant sa d\u00e9cision de \u00ab retourner sur le terrain \u00bb rechercher l\u2019information \u00e0 sa source, la r\u00e9ponse de notre invit\u00e9 est simple : \u00ab <em>je suis obs\u00e9d\u00e9 par le sens<\/em> \u00bb. Plut\u00f4t que de r\u00e9colter et analyser les nouvelles, Paul Larrouturou pr\u00e9f\u00e8re une confrontation plus directe avec son objet d\u2019\u00e9tude, les femmes et hommes politiques. Si cette approche est plus dangereuse, comme le montrent ses diff\u00e9rentes altercations lors de conf\u00e9rences de presse, elle lui permet cependant de poser les questions qui lui semblent les plus justes et pertinentes.<\/p>\n\n\n\n<p class=\"has-text-align-left\">Enfin, la conf\u00e9rence se termine sur le sujet de l\u2019Intelligence Artificielle et son influence sur le m\u00e9tier de journaliste. Paul Larrouturou l\u2019identifie comme une possible menace pour la fiabilit\u00e9 de l\u2019information, \u00e0 laquelle il sera n\u00e9cessaire de r\u00e9pondre par une d\u00e9ontologie et une m\u00e9thodologie une nouvelle fois irr\u00e9prochables. En effet, la nouvelle utilisation de cette technologie pour produire des contenus tr\u00e8s cr\u00e9dibles tels que les deep fakes facilite la production d\u2019intox et de canulars, ainsi que leur transmission \u00e0 travers les r\u00e9seaux sociaux. Face \u00e0 cela, affirme Paul Larrouturou, le journaliste doit redoubler de vigilance : <em>\u00ab notre m\u00e9tier, c\u2019est contextualiser, v\u00e9rifier et certifier \u00bb.<\/em><\/p>\n\n\n\n<p class=\"has-text-align-left\">La conf\u00e9rence de Paul Larrouturou est disponible en int\u00e9gralit\u00e9 sur Youtube via le lien suivant :<a href=\"https:\/\/www.youtube.com\/live\/l5kJM2VqRao?si=vAOqbrd0E2acnoXf&amp;fbclid=IwAR1yQ5h4jVHoaoninZMC9Mf9I80x6LA6S_1msbOpfPijbsgPMXtVbqWl20U_aem_AceLJGezVNVqmKzPll_6qXfxyxXCJZ63RecteshTUsI8Plq3q5JdTkeOEvs_sNbbLPTDZIdh0uor-D1LWRBQMInY\"> https:\/\/www.youtube.com\/live\/l5kJM2VqRao?si=vAOqbrd0E2acnoXf<\/a><\/p>\n\n\n\n<p class=\"has-text-align-left\">Afin de rester au courant de l\u2019actualit\u00e9 de L\u2019Agora, nous vous invitons \u00e0 suivre nos r\u00e9seaux sociaux (Instagram, TikTok, LinkedIn, Facebook).<\/p>\n\n\n\n<p><\/p>\n\n\n<ul class=\"wp-block-latest-posts__list wp-block-latest-posts\"><li><a class=\"wp-block-latest-posts__post-title\" href=\"https:\/\/www.lagora-edhec.com\/?p=11695\">Conf\u00e9rence de l\u2019Agora : Maxime Fournes et Jean-Baptiste Kempf \u00e9taient re\u00e7us le 26 mars \u00e0 la Tribune \u00e9tudiante de l\u2019Edhec Business School<\/a><\/li>\n<li><a class=\"wp-block-latest-posts__post-title\" href=\"https:\/\/www.lagora-edhec.com\/?p=11640\">Conf\u00e9rence de l\u2019Agora : Thomas-Olivier L\u00e9autier \u00e9tait re\u00e7u le 04\/02 \u00e0 la Tribune de l\u2019EDHEC Business School<\/a><\/li>\n<li><a class=\"wp-block-latest-posts__post-title\" href=\"https:\/\/www.lagora-edhec.com\/?p=11555\">Conf\u00e9rence de l\u2019Agora : Hengameh Yahyazadeh \u00e9tait re\u00e7ue le 3 d\u00e9cembre \u00e0 la Tribune \u00e9tudiante de l\u2019Edhec Business School<\/a><\/li>\n<li><a class=\"wp-block-latest-posts__post-title\" href=\"https:\/\/www.lagora-edhec.com\/?p=11487\">Conf\u00e9rence de l\u2019Agora : Jean Michel Fauvergue \u00e9tait re\u00e7u le 05\/11 \u00e0 la Tribune \u00e9tudiante de l\u2019EDHEC Business School<\/a><\/li>\n<li><a class=\"wp-block-latest-posts__post-title\" href=\"https:\/\/www.lagora-edhec.com\/?p=11292\">Conf\u00e9rence de l\u2019Agora : Juan Branco \u00e0 la Tribune \u00e9tudiante de l&rsquo;EDHEC Business School<\/a><\/li>\n<\/ul>\n\n\n<div style=\"padding:20px\" class=\"wp-block-tnp-minimal\"><p>Subscribe to our newsletter!<\/p><div><div class=\"tnp tnp-subscription-minimal  \"><form action=\"https:\/\/www.lagora-edhec.com\/wp-admin\/admin-ajax.php?action=tnp&amp;na=s\" method=\"post\" style=\"text-align: center\"><input type=\"hidden\" name=\"nr\" value=\"minimal\">\n<input type=\"hidden\" name=\"nlang\" value=\"\">\n<input class=\"tnp-email\" type=\"email\" required name=\"ne\" value=\"\" placeholder=\"Email\"><input class=\"tnp-submit\" type=\"submit\" value=\"Abonnez-vous !\" style=\"\">\n<\/form><\/div>\n<\/div><\/div>\n","protected":false},"excerpt":{"rendered":"<p>Paul Larrouturou: Vers un journalisme au format vertical Le mercredi 3 avril, L\u2019Agora recevait \u00e0 sa tribune Paul Larrouturou dans l\u2019amphith\u00e9\u00e2tre de l\u2019EDHEC, pour une conf\u00e9rence sur le th\u00e8me \u00ab Les coulisses du journalisme politique\u00a0\u00bb. La conf\u00e9rence d\u00e9bute sur le r\u00e9cent tournant pris par la carri\u00e8re de notre invit\u00e9, qui a choisi de quitter les [&hellip;]<\/p>\n","protected":false},"author":39,"featured_media":0,"comment_status":"closed","ping_status":"closed","sticky":false,"template":"","format":"standard","meta":{"footnotes":""},"categories":[3],"tags":[],"class_list":["post-11211","post","type-post","status-publish","format-standard","hentry","category-conferences"],"_links":{"self":[{"href":"https:\/\/www.lagora-edhec.com\/index.php?rest_route=\/wp\/v2\/posts\/11211","targetHints":{"allow":["GET"]}}],"collection":[{"href":"https:\/\/www.lagora-edhec.com\/index.php?rest_route=\/wp\/v2\/posts"}],"about":[{"href":"https:\/\/www.lagora-edhec.com\/index.php?rest_route=\/wp\/v2\/types\/post"}],"author":[{"embeddable":true,"href":"https:\/\/www.lagora-edhec.com\/index.php?rest_route=\/wp\/v2\/users\/39"}],"replies":[{"embeddable":true,"href":"https:\/\/www.lagora-edhec.com\/index.php?rest_route=%2Fwp%2Fv2%2Fcomments&post=11211"}],"version-history":[{"count":3,"href":"https:\/\/www.lagora-edhec.com\/index.php?rest_route=\/wp\/v2\/posts\/11211\/revisions"}],"predecessor-version":[{"id":11249,"href":"https:\/\/www.lagora-edhec.com\/index.php?rest_route=\/wp\/v2\/posts\/11211\/revisions\/11249"}],"wp:attachment":[{"href":"https:\/\/www.lagora-edhec.com\/index.php?rest_route=%2Fwp%2Fv2%2Fmedia&parent=11211"}],"wp:term":[{"taxonomy":"category","embeddable":true,"href":"https:\/\/www.lagora-edhec.com\/index.php?rest_route=%2Fwp%2Fv2%2Fcategories&post=11211"},{"taxonomy":"post_tag","embeddable":true,"href":"https:\/\/www.lagora-edhec.com\/index.php?rest_route=%2Fwp%2Fv2%2Ftags&post=11211"}],"curies":[{"name":"wp","href":"https:\/\/api.w.org\/{rel}","templated":true}]}}