{"id":11167,"date":"2024-02-12T16:04:35","date_gmt":"2024-02-12T15:04:35","guid":{"rendered":"https:\/\/www.lagora-edhec.com\/?p=11167"},"modified":"2024-02-12T16:04:35","modified_gmt":"2024-02-12T15:04:35","slug":"les-horizons-de-la-puissance-europeenne","status":"publish","type":"post","link":"https:\/\/www.lagora-edhec.com\/?p=11167","title":{"rendered":"Les horizons de la puissance europ\u00e9enne"},"content":{"rendered":"\n<p class=\"has-large-font-size\"><span class=\"has-inline-color has-colibri-color-1-color\"><strong>Les horizons de la puissance europ\u00e9enne<\/strong><\/span><\/p>\n\n\n\n<p><em><strong>Conf\u00e9rence de l\u2019Agora : Pascal Boniface \u00e9tait re\u00e7u le 29\/01\/24 \u00e0 la Tribune \u00e9tudiante de l\u2019EDHEC Business School<\/strong><\/em><\/p>\n\n\n\n<div class=\"wp-block-cover has-background-dim\"><img fetchpriority=\"high\" decoding=\"async\" width=\"2560\" height=\"1920\" class=\"wp-block-cover__image-background wp-image-11168\" alt=\"\" src=\"https:\/\/www.lagora-edhec.com\/wp-content\/uploads\/P1011551-1-scaled.jpg\" data-object-fit=\"cover\" srcset=\"https:\/\/www.lagora-edhec.com\/wp-content\/uploads\/P1011551-1-scaled.jpg 2560w, https:\/\/www.lagora-edhec.com\/wp-content\/uploads\/P1011551-1-300x225.jpg 300w, https:\/\/www.lagora-edhec.com\/wp-content\/uploads\/P1011551-1-768x576.jpg 768w, https:\/\/www.lagora-edhec.com\/wp-content\/uploads\/P1011551-1-1536x1152.jpg 1536w, https:\/\/www.lagora-edhec.com\/wp-content\/uploads\/P1011551-1-2048x1536.jpg 2048w\" sizes=\"(max-width: 2560px) 100vw, 2560px\" \/><div class=\"wp-block-cover__inner-container is-layout-flow wp-block-cover-is-layout-flow\">\n<p class=\"has-text-align-center has-large-font-size\"><\/p>\n<\/div><\/div>\n\n\n\n<p><\/p>\n\n\n\n<p><span class=\"has-inline-color has-colibri-color-1-color\"><strong><u>La qu\u00eate d&rsquo;une v\u00e9ritable autonomie strat\u00e9gique<\/u><\/strong>\u00a0:<\/span><\/p>\n\n\n\n<p>Avec les bouleversements g\u00e9opolitiques et de remises en question des alliances traditionnelles, la question de l&rsquo;autonomie strat\u00e9gique de l&rsquo;Europe est devenue un enjeu majeur.&nbsp; Les propos du pr\u00e9sident fran\u00e7ais Emmanuel Macron concernant l&rsquo;OTAN, qu\u2019il juge en \u00e9tat de \u00ab\u00a0mort c\u00e9r\u00e9brale\u00a0\u00bb, ont mis en lumi\u00e8re les pr\u00e9occupations croissantes concernant la d\u00e9pendance de l&rsquo;Europe vis-\u00e0-vis des \u00c9tats-Unis. Cette remise en question de l&rsquo;alliance transatlantique s&rsquo;inscrit dans un d\u00e9sir plus large de l&rsquo;Europe de devenir un acteur plus ind\u00e9pendant sur la sc\u00e8ne internationale. Cependant, il est important de reconna\u00eetre que cette autonomie n&rsquo;est pas synonyme d\u2019isolement total, mais plut\u00f4t une capacit\u00e9 \u00e0 prendre des d\u00e9cisions strat\u00e9giques en fonction des int\u00e9r\u00eats europ\u00e9ens, ind\u00e9pendamment des pressions ext\u00e9rieures. Comme l\u2019explique bien Pascal Boniface, cette id\u00e9e, naissant au moment du gaullo-mitterrandisme s\u2019oppose \u00e0 la d\u00e9pendance et non \u00e0 l\u2019alliance : \u00ab nous sommes alli\u00e9s des \u00c9tats-Unis, mais non align\u00e9s \u00bb.<\/p>\n\n\n\n<p><span class=\"has-inline-color has-colibri-color-1-color\"><strong><u>La complexit\u00e9 des relations transatlantiques<\/u><\/strong>\u00a0:<\/span><\/p>\n\n\n\n<p>Dans un contexte marqu\u00e9 par l&rsquo;instabilit\u00e9 politique et les tensions g\u00e9opolitiques, l&rsquo;Europe se retrouve confront\u00e9e \u00e0 un d\u00e9fi d\u00e9licat : maintenir des relations solides avec les \u00c9tats-Unis tout en affirmant sa propre voix sur la sc\u00e8ne mondiale. En bref, l\u2019Union Europ\u00e9enne veut-elle demeurer \u00ab<em>&nbsp;l\u2019adjoint du sh\u00e9rif am\u00e9ricain contre la Chine ou bien devenir un p\u00f4le ind\u00e9pendant sur la sc\u00e8ne g\u00e9opolitique mondiale ?<\/em>&nbsp;\u00bb, questionne Pascal Boniface. Les r\u00e9centes divergences d&rsquo;opinions et les diff\u00e9rends commerciaux ont mis en lumi\u00e8re les tensions sous-jacentes entre l&rsquo;Europe et les \u00c9tats-Unis. Face \u00e0 ces d\u00e9fis, le Vieux Continent doit chercher un \u00e9quilibre entre le maintien de bonnes relations avec son alli\u00e9 transatlantique et la d\u00e9fense de ses int\u00e9r\u00eats et de ses valeurs. Cela n\u00e9cessite un dialogue ouvert, un respect mutuel et une volont\u00e9 de coop\u00e9rer lorsque cela est possible, tout en affirmant sa souverainet\u00e9 et son ind\u00e9pendance lorsque cela est n\u00e9cessaire.<\/p>\n\n\n\n<p><span class=\"has-inline-color has-colibri-color-1-color\"><strong><u>L\u2019unit\u00e9 de l\u2019Europe dans un monde fragment\u00e9<\/u><\/strong>\u00a0:<\/span><\/p>\n\n\n\n<p>Alors que le monde devient de plus en plus multipolaire et fragment\u00e9, l&rsquo;Europe se retrouve souvent divis\u00e9e sur des questions cl\u00e9s, telles que le conflit isra\u00e9lo-palestinien. Les divergences d&rsquo;opinions entre les \u00c9tats membres sur des questions de politique \u00e9trang\u00e8re et de s\u00e9curit\u00e9 limitent souvent la capacit\u00e9 de l&rsquo;Europe \u00e0 agir de mani\u00e8re unifi\u00e9e sur la sc\u00e8ne internationale. Par exemple, quand l\u2019Espagne, fervent d\u00e9fenseur des principes du droit international, soutient la cause palestinienne, l\u2019Allemagne, quant \u00e0 elle, s\u2019interdit la moindre critique envers Isra\u00ebl pour des raisons historiques \u00e9videntes. Les diff\u00e9rences d&rsquo;approche entre les pays de l&rsquo;Est et de l&rsquo;Ouest de l&rsquo;Europe, ainsi que les int\u00e9r\u00eats nationaux divergents, entravent souvent la formulation d&rsquo;une position commune de l&rsquo;Union europ\u00e9enne sur des questions cruciales. Cela souligne l&rsquo;importance d&rsquo;une diplomatie europ\u00e9enne coh\u00e9rente et d&rsquo;une volont\u00e9 politique commune pour surmonter les divisions internes et, \u00e0 terme, faire avancer les int\u00e9r\u00eats collectifs de l&rsquo;Europe sur la sc\u00e8ne mondiale.<\/p>\n\n\n<ul class=\"wp-block-latest-posts__list wp-block-latest-posts\"><li><a class=\"wp-block-latest-posts__post-title\" href=\"https:\/\/www.lagora-edhec.com\/?p=11695\">Conf\u00e9rence de l\u2019Agora : Maxime Fournes et Jean-Baptiste Kempf \u00e9taient re\u00e7us le 26 mars \u00e0 la Tribune \u00e9tudiante de l\u2019Edhec Business School<\/a><\/li>\n<li><a class=\"wp-block-latest-posts__post-title\" href=\"https:\/\/www.lagora-edhec.com\/?p=11640\">Conf\u00e9rence de l\u2019Agora : Thomas-Olivier L\u00e9autier \u00e9tait re\u00e7u le 04\/02 \u00e0 la Tribune de l\u2019EDHEC Business School<\/a><\/li>\n<li><a class=\"wp-block-latest-posts__post-title\" href=\"https:\/\/www.lagora-edhec.com\/?p=11555\">Conf\u00e9rence de l\u2019Agora : Hengameh Yahyazadeh \u00e9tait re\u00e7ue le 3 d\u00e9cembre \u00e0 la Tribune \u00e9tudiante de l\u2019Edhec Business School<\/a><\/li>\n<li><a class=\"wp-block-latest-posts__post-title\" href=\"https:\/\/www.lagora-edhec.com\/?p=11487\">Conf\u00e9rence de l\u2019Agora : Jean Michel Fauvergue \u00e9tait re\u00e7u le 05\/11 \u00e0 la Tribune \u00e9tudiante de l\u2019EDHEC Business School<\/a><\/li>\n<li><a class=\"wp-block-latest-posts__post-title\" href=\"https:\/\/www.lagora-edhec.com\/?p=11292\">Conf\u00e9rence de l\u2019Agora : Juan Branco \u00e0 la Tribune \u00e9tudiante de l&rsquo;EDHEC Business School<\/a><\/li>\n<\/ul>\n\n\n<div style=\"padding:20px\" class=\"wp-block-tnp-minimal\"><p>Subscribe to our newsletter!<\/p><div><div class=\"tnp tnp-subscription-minimal  \"><form action=\"https:\/\/www.lagora-edhec.com\/wp-admin\/admin-ajax.php?action=tnp&amp;na=s\" method=\"post\" style=\"text-align: center\"><input type=\"hidden\" name=\"nr\" value=\"minimal\">\n<input type=\"hidden\" name=\"nlang\" value=\"\">\n<input class=\"tnp-email\" type=\"email\" required name=\"ne\" value=\"\" placeholder=\"Email\"><input class=\"tnp-submit\" type=\"submit\" value=\"Abonnez-vous !\" style=\"\">\n<\/form><\/div>\n<\/div><\/div>\n","protected":false},"excerpt":{"rendered":"<p>Les horizons de la puissance europ\u00e9enne Conf\u00e9rence de l\u2019Agora : Pascal Boniface \u00e9tait re\u00e7u le 29\/01\/24 \u00e0 la Tribune \u00e9tudiante de l\u2019EDHEC Business School La qu\u00eate d&rsquo;une v\u00e9ritable autonomie strat\u00e9gique\u00a0: Avec les bouleversements g\u00e9opolitiques et de remises en question des alliances traditionnelles, la question de l&rsquo;autonomie strat\u00e9gique de l&rsquo;Europe est devenue un enjeu majeur.&nbsp; Les [&hellip;]<\/p>\n","protected":false},"author":39,"featured_media":0,"comment_status":"closed","ping_status":"closed","sticky":false,"template":"","format":"standard","meta":{"footnotes":""},"categories":[3],"tags":[],"class_list":["post-11167","post","type-post","status-publish","format-standard","hentry","category-conferences"],"_links":{"self":[{"href":"https:\/\/www.lagora-edhec.com\/index.php?rest_route=\/wp\/v2\/posts\/11167","targetHints":{"allow":["GET"]}}],"collection":[{"href":"https:\/\/www.lagora-edhec.com\/index.php?rest_route=\/wp\/v2\/posts"}],"about":[{"href":"https:\/\/www.lagora-edhec.com\/index.php?rest_route=\/wp\/v2\/types\/post"}],"author":[{"embeddable":true,"href":"https:\/\/www.lagora-edhec.com\/index.php?rest_route=\/wp\/v2\/users\/39"}],"replies":[{"embeddable":true,"href":"https:\/\/www.lagora-edhec.com\/index.php?rest_route=%2Fwp%2Fv2%2Fcomments&post=11167"}],"version-history":[{"count":2,"href":"https:\/\/www.lagora-edhec.com\/index.php?rest_route=\/wp\/v2\/posts\/11167\/revisions"}],"predecessor-version":[{"id":11170,"href":"https:\/\/www.lagora-edhec.com\/index.php?rest_route=\/wp\/v2\/posts\/11167\/revisions\/11170"}],"wp:attachment":[{"href":"https:\/\/www.lagora-edhec.com\/index.php?rest_route=%2Fwp%2Fv2%2Fmedia&parent=11167"}],"wp:term":[{"taxonomy":"category","embeddable":true,"href":"https:\/\/www.lagora-edhec.com\/index.php?rest_route=%2Fwp%2Fv2%2Fcategories&post=11167"},{"taxonomy":"post_tag","embeddable":true,"href":"https:\/\/www.lagora-edhec.com\/index.php?rest_route=%2Fwp%2Fv2%2Ftags&post=11167"}],"curies":[{"name":"wp","href":"https:\/\/api.w.org\/{rel}","templated":true}]}}