{"id":1116,"date":"2009-11-04T18:30:44","date_gmt":"2009-11-04T16:30:44","guid":{"rendered":"http:\/\/www.lagora-edhec.com\/?p=1116"},"modified":"2013-08-18T22:40:18","modified_gmt":"2013-08-18T20:40:18","slug":"lagora-cree-le-clash","status":"publish","type":"post","link":"https:\/\/www.lagora-edhec.com\/?p=1116","title":{"rendered":"L&rsquo;Agora cr\u00e9e le clash"},"content":{"rendered":"<p style=\"text-align: justify;\"><img fetchpriority=\"high\" decoding=\"async\" width=\"212\" height=\"300\" class=\"alignleft size-medium wp-image-1144\" title=\"Beno\u00eet Hamon - Dominique Paill\u00e9\" src=\"wp-content\/images\/affiche_clash_trois-212x300.jpg\" alt=\"Beno\u00eet Hamon - Dominique Paill\u00e9\" srcset=\"https:\/\/www.lagora-edhec.com\/wp-content\/uploads\/affiche_clash_trois-212x300.jpg 212w, https:\/\/www.lagora-edhec.com\/wp-content\/uploads\/affiche_clash_trois-724x1024.jpg 724w\" sizes=\"(max-width: 212px) 100vw, 212px\" \/><br \/>\nMercredi 4 novembre 2009, l&rsquo;Agora re\u00e7oit MM. Dominique Paill\u00e9 et Beno\u00eet Hamon, respectivement porte-parole de l&rsquo;UMP et du PS. Similitude des postes, certes, mais certainement pas des opinions ! Nos deux protagonistes confronteront leur point de vue sur la politique actuelle du gouvernement, les solutions propos\u00e9es face \u00e0 la crise, l&rsquo;Europe&#8230; et reviendront sur les pol\u00e9miques ayant r\u00e9cemment secou\u00e9 le monde politique. Ils nous confieront par ailleurs leurs futures ambitions. Autant dire que le d\u00e9bat s&rsquo;annonce particuli\u00e8rement muscl\u00e9&#8230;<\/p>\n<p style=\"text-align: justify;\">Nous vous attendons nombreux en Amphi Saint Louis \u00e0 18h30, 58 rue du Port, Lille. Entr\u00e9e gratuite.<\/p>\n","protected":false},"excerpt":{"rendered":"<p>Mercredi 4 novembre 2009, l&rsquo;Agora re\u00e7oit MM. Dominique Paill\u00e9 et Beno\u00eet Hamon, respectivement porte-parole de l&rsquo;UMP et du PS. Similitude des postes, certes, mais certainement pas des opinions ! Nos deux protagonistes confronteront leur point de vue sur la politique actuelle du gouvernement, les solutions propos\u00e9es face \u00e0 la crise, l&rsquo;Europe&#8230; et reviendront sur les [&hellip;]<\/p>\n","protected":false},"author":1,"featured_media":3277,"comment_status":"closed","ping_status":"closed","sticky":false,"template":"","format":"standard","meta":{"footnotes":""},"categories":[116,115,3],"tags":[],"class_list":["post-1116","post","type-post","status-publish","format-standard","has-post-thumbnail","hentry","category-2009-2010","category-anciennes","category-conferences"],"_links":{"self":[{"href":"https:\/\/www.lagora-edhec.com\/index.php?rest_route=\/wp\/v2\/posts\/1116","targetHints":{"allow":["GET"]}}],"collection":[{"href":"https:\/\/www.lagora-edhec.com\/index.php?rest_route=\/wp\/v2\/posts"}],"about":[{"href":"https:\/\/www.lagora-edhec.com\/index.php?rest_route=\/wp\/v2\/types\/post"}],"author":[{"embeddable":true,"href":"https:\/\/www.lagora-edhec.com\/index.php?rest_route=\/wp\/v2\/users\/1"}],"replies":[{"embeddable":true,"href":"https:\/\/www.lagora-edhec.com\/index.php?rest_route=%2Fwp%2Fv2%2Fcomments&post=1116"}],"version-history":[{"count":31,"href":"https:\/\/www.lagora-edhec.com\/index.php?rest_route=\/wp\/v2\/posts\/1116\/revisions"}],"predecessor-version":[{"id":3695,"href":"https:\/\/www.lagora-edhec.com\/index.php?rest_route=\/wp\/v2\/posts\/1116\/revisions\/3695"}],"wp:featuredmedia":[{"embeddable":true,"href":"https:\/\/www.lagora-edhec.com\/index.php?rest_route=\/wp\/v2\/media\/3277"}],"wp:attachment":[{"href":"https:\/\/www.lagora-edhec.com\/index.php?rest_route=%2Fwp%2Fv2%2Fmedia&parent=1116"}],"wp:term":[{"taxonomy":"category","embeddable":true,"href":"https:\/\/www.lagora-edhec.com\/index.php?rest_route=%2Fwp%2Fv2%2Fcategories&post=1116"},{"taxonomy":"post_tag","embeddable":true,"href":"https:\/\/www.lagora-edhec.com\/index.php?rest_route=%2Fwp%2Fv2%2Ftags&post=1116"}],"curies":[{"name":"wp","href":"https:\/\/api.w.org\/{rel}","templated":true}]}}