{"id":10875,"date":"2023-06-08T13:36:28","date_gmt":"2023-06-08T12:36:28","guid":{"rendered":"https:\/\/www.lagora-edhec.com\/?p=10875"},"modified":"2023-06-08T13:36:28","modified_gmt":"2023-06-08T12:36:28","slug":"quel-avenir-pour-la-gauche","status":"publish","type":"post","link":"https:\/\/www.lagora-edhec.com\/?p=10875","title":{"rendered":"Quel avenir pour la gauche"},"content":{"rendered":"\n<h2 class=\"wp-block-heading\"><span class=\"has-inline-color has-colibri-color-1-color\">Quel avenir pour la gauche ? <\/span><\/h2>\n\n\n\n<p><strong><em>Conf\u00e9rence de l\u2019Agora: S\u00e9gol\u00e8ne Royal \u00e9tait re\u00e7u le 27\/04 \u00e0 la tribune \u00e9tudiante de l\u2019EDHEC Business<br>School<\/em><\/strong><\/p>\n\n\n\n<div class=\"wp-block-cover has-background-dim\"><img fetchpriority=\"high\" decoding=\"async\" width=\"5000\" height=\"3750\" class=\"wp-block-cover__image-background wp-image-10876\" alt=\"\" src=\"https:\/\/www.lagora-edhec.com\/wp-content\/uploads\/P1000961-5000x3750.jpg\" data-object-fit=\"cover\" srcset=\"https:\/\/www.lagora-edhec.com\/wp-content\/uploads\/P1000961-5000x3750.jpg 5000w, https:\/\/www.lagora-edhec.com\/wp-content\/uploads\/P1000961-300x225.jpg 300w, https:\/\/www.lagora-edhec.com\/wp-content\/uploads\/P1000961-768x576.jpg 768w, https:\/\/www.lagora-edhec.com\/wp-content\/uploads\/P1000961-1536x1152.jpg 1536w, https:\/\/www.lagora-edhec.com\/wp-content\/uploads\/P1000961-2048x1536.jpg 2048w\" sizes=\"(max-width: 5000px) 100vw, 5000px\" \/><div class=\"wp-block-cover__inner-container is-layout-flow wp-block-cover-is-layout-flow\">\n<p class=\"has-large-font-size\"><\/p>\n<\/div><\/div>\n\n\n\n<p><br><strong><span class=\"has-inline-color has-colibri-color-1-color\">Rapport \u00e0 la politique<\/span><\/strong><\/p>\n\n\n\n<p>Madame Royal d\u00e9plore le manque d\u2019humanisme dans la fa\u00e7on de faire de la politique aujourd\u2019hui. Elle<br>explique que cet humanisme a disparu derri\u00e8re une logique financi\u00e8re et comptable : Tout devient une<br>marchandise. En ce sens, la r\u00e9forme des retraites traduit bien selon elle cette mutation. N\u00e9anmoins elle<br>pointe le fait que cette logique de marchandisation n\u2019est pas compatible avec la logique de service \u00e0 la<br>personne, il y aurait donc un paradoxe insurmontable dans cette fa\u00e7on de gouverner.<br>En parall\u00e8le de cette \u00e9volution n\u00e9olib\u00e9rale, elle ajoute que la politique s\u2019est transform\u00e9e en un amour du<br>pouvoir pour lui-m\u00eame alors qu\u2019elle devrait consister \u00e0 un amour pour les gens qui ont confi\u00e9<br>momentan\u00e9ment ce pouvoir. Ces \u00e9volutions auraient d\u00fb \u00eatre questionn\u00e9es d\u00e8s la fin de l\u2019\u00e9pid\u00e9mie de<br>coronavirus. L\u2019ensemble de ces transformations traduisent le d\u00e9but d\u2019une crise d\u00e9mocratique en France.<br><\/p>\n\n\n\n<p><strong><span class=\"has-inline-color has-colibri-color-1-color\">L\u2019avenir des politiques sociales en France<\/span><\/strong><\/p>\n\n\n\n<p><br>Apr\u00e8s les scores tr\u00e8s faibles du Parti Socialiste au cours des derni\u00e8res \u00e9lections, S\u00e9gol\u00e8ne Royale<br>s\u2019interroge sur l\u2019avenir des politiques sociales: Alors m\u00eame que la France fait face \u00e0 de multiples crises,<br>elle choisit d\u2019affaiblir ses services publiques pourtant n\u00e9cessaires pour surmonter ces difficult\u00e9s. Le<br>manque de ressource n\u2019est pas une raison puisque notre pays a pu apr\u00e8s la seconde guerre mondiale<br>construire des h\u00f4pitaux, un mod\u00e8le de s\u00e9curit\u00e9 sociale\u2026 C\u2019est \u00e0 nouveau \u00e0 cause de cette id\u00e9ologie<br>n\u00e9olib\u00e9rale qui r\u00e9git aujourd\u2019hui l\u2019Union Europ\u00e9enne selon elle.<\/p>\n\n\n\n<p>Pourtant d\u2019autres pays sont en train de s\u2019extraire de cette logique, c\u2019est entre autres le cas des Etats-<br>Unis. En ce sens, la France est \u00e0 contre-temps de ce qui se fait de l\u2019autre c\u00f4t\u00e9 de l\u2019Atlantique. D\u00e8s lors,<\/p>\n\n\n\n<p>le r\u00f4le que peut jouer la gauche en France est de proposer une alternative \u00e0 ces logiques de<br>marchandisation en proposant des politiques sociales et \u00e9conomiques interventionnistes visant par<br>exemple \u00e0 relancer la natalit\u00e9 en France.<br><\/p>\n\n\n\n<p><strong><span class=\"has-inline-color has-colibri-color-1-color\">L\u2019inaction climatique :<\/span><\/strong><\/p>\n\n\n\n<p><br>Il semble qu\u2019aujourd\u2019hui tous les enjeux auxquels fait face l\u2019humanit\u00e9 convergent vers un m\u00eame grand<br>d\u00e9fi : la protection de l\u2019environnement. \u00ab Aujourd\u2019hui, 70 % des guerres sont li\u00e9es \u00e0 des questions<br>climatiques \u00bb rappelle l\u2019ancienne membre du Parti Socialiste. Pourtant, malgr\u00e9 l\u2019importance de cet enjeu,<br>aucun plan d\u2019envergure n\u2019est men\u00e9 au niveau national.<br>Sur le plan \u00e9nerg\u00e9tique, notre planche de salut n\u2019appara\u00eet pas \u00eatre le nucl\u00e9aire, qui, comme le rappelle<br>S\u00e9gol\u00e8ne Royal, ne garantit pas une souverainet\u00e9 \u00e9nerg\u00e9tique du fait de la n\u00e9cessit\u00e9 de l\u2019importation<br>des ressources n\u00e9cessaires \u00e0 son fonctionnement. Elle pr\u00f4ne plut\u00f4t une forme de sobri\u00e9t\u00e9 passant par<br>exemple par une meilleure isolation des b\u00e2timents mais encourage aussi une orientation de la finance<br>vers des fili\u00e8res strat\u00e9giques et durables.<\/p>\n\n\n<ul class=\"wp-block-latest-posts__list wp-block-latest-posts\"><li><a class=\"wp-block-latest-posts__post-title\" href=\"https:\/\/www.lagora-edhec.com\/?p=11695\">Conf\u00e9rence de l\u2019Agora : Maxime Fournes et Jean-Baptiste Kempf \u00e9taient re\u00e7us le 26 mars \u00e0 la Tribune \u00e9tudiante de l\u2019Edhec Business School<\/a><\/li>\n<li><a class=\"wp-block-latest-posts__post-title\" href=\"https:\/\/www.lagora-edhec.com\/?p=11640\">Conf\u00e9rence de l\u2019Agora : Thomas-Olivier L\u00e9autier \u00e9tait re\u00e7u le 04\/02 \u00e0 la Tribune de l\u2019EDHEC Business School<\/a><\/li>\n<li><a class=\"wp-block-latest-posts__post-title\" href=\"https:\/\/www.lagora-edhec.com\/?p=11555\">Conf\u00e9rence de l\u2019Agora : Hengameh Yahyazadeh \u00e9tait re\u00e7ue le 3 d\u00e9cembre \u00e0 la Tribune \u00e9tudiante de l\u2019Edhec Business School<\/a><\/li>\n<li><a class=\"wp-block-latest-posts__post-title\" href=\"https:\/\/www.lagora-edhec.com\/?p=11487\">Conf\u00e9rence de l\u2019Agora : Jean Michel Fauvergue \u00e9tait re\u00e7u le 05\/11 \u00e0 la Tribune \u00e9tudiante de l\u2019EDHEC Business School<\/a><\/li>\n<li><a class=\"wp-block-latest-posts__post-title\" href=\"https:\/\/www.lagora-edhec.com\/?p=11292\">Conf\u00e9rence de l\u2019Agora : Juan Branco \u00e0 la Tribune \u00e9tudiante de l&rsquo;EDHEC Business School<\/a><\/li>\n<\/ul>\n\n\n<div style=\"padding:20px\" class=\"wp-block-tnp-minimal\"><p>Subscribe to our newsletter!<\/p><div><div class=\"tnp tnp-subscription-minimal  \"><form action=\"https:\/\/www.lagora-edhec.com\/wp-admin\/admin-ajax.php?action=tnp&amp;na=s\" method=\"post\" style=\"text-align: center\"><input type=\"hidden\" name=\"nr\" value=\"minimal\">\n<input type=\"hidden\" name=\"nlang\" value=\"\">\n<input class=\"tnp-email\" type=\"email\" required name=\"ne\" value=\"\" placeholder=\"Email\"><input class=\"tnp-submit\" type=\"submit\" value=\"Abonnez-vous !\" style=\"\">\n<\/form><\/div>\n<\/div><\/div>\n","protected":false},"excerpt":{"rendered":"<p>Quel avenir pour la gauche ? Conf\u00e9rence de l\u2019Agora: S\u00e9gol\u00e8ne Royal \u00e9tait re\u00e7u le 27\/04 \u00e0 la tribune \u00e9tudiante de l\u2019EDHEC BusinessSchool Rapport \u00e0 la politique Madame Royal d\u00e9plore le manque d\u2019humanisme dans la fa\u00e7on de faire de la politique aujourd\u2019hui. Elleexplique que cet humanisme a disparu derri\u00e8re une logique financi\u00e8re et comptable : Tout [&hellip;]<\/p>\n","protected":false},"author":39,"featured_media":0,"comment_status":"closed","ping_status":"closed","sticky":false,"template":"","format":"standard","meta":{"footnotes":""},"categories":[3],"tags":[],"class_list":["post-10875","post","type-post","status-publish","format-standard","hentry","category-conferences"],"_links":{"self":[{"href":"https:\/\/www.lagora-edhec.com\/index.php?rest_route=\/wp\/v2\/posts\/10875","targetHints":{"allow":["GET"]}}],"collection":[{"href":"https:\/\/www.lagora-edhec.com\/index.php?rest_route=\/wp\/v2\/posts"}],"about":[{"href":"https:\/\/www.lagora-edhec.com\/index.php?rest_route=\/wp\/v2\/types\/post"}],"author":[{"embeddable":true,"href":"https:\/\/www.lagora-edhec.com\/index.php?rest_route=\/wp\/v2\/users\/39"}],"replies":[{"embeddable":true,"href":"https:\/\/www.lagora-edhec.com\/index.php?rest_route=%2Fwp%2Fv2%2Fcomments&post=10875"}],"version-history":[{"count":1,"href":"https:\/\/www.lagora-edhec.com\/index.php?rest_route=\/wp\/v2\/posts\/10875\/revisions"}],"predecessor-version":[{"id":10878,"href":"https:\/\/www.lagora-edhec.com\/index.php?rest_route=\/wp\/v2\/posts\/10875\/revisions\/10878"}],"wp:attachment":[{"href":"https:\/\/www.lagora-edhec.com\/index.php?rest_route=%2Fwp%2Fv2%2Fmedia&parent=10875"}],"wp:term":[{"taxonomy":"category","embeddable":true,"href":"https:\/\/www.lagora-edhec.com\/index.php?rest_route=%2Fwp%2Fv2%2Fcategories&post=10875"},{"taxonomy":"post_tag","embeddable":true,"href":"https:\/\/www.lagora-edhec.com\/index.php?rest_route=%2Fwp%2Fv2%2Ftags&post=10875"}],"curies":[{"name":"wp","href":"https:\/\/api.w.org\/{rel}","templated":true}]}}