{"id":10858,"date":"2023-06-03T10:15:37","date_gmt":"2023-06-03T09:15:37","guid":{"rendered":"https:\/\/www.lagora-edhec.com\/?p=10858"},"modified":"2023-06-03T10:15:37","modified_gmt":"2023-06-03T09:15:37","slug":"planete-en-peril-quel-choix-pour-un-avenir-durable","status":"publish","type":"post","link":"https:\/\/www.lagora-edhec.com\/?p=10858","title":{"rendered":"Plan\u00e8te en p\u00e9ril\u00a0: quel choix pour un avenir durable\u00a0?"},"content":{"rendered":"\n<p><strong>\u00a0<\/strong><\/p>\n\n\n\n<h2 class=\"wp-block-heading\"><strong><span class=\"has-inline-color has-colibri-color-6-color\">Plan\u00e8te en p\u00e9ril\u00a0: quel choix pour un avenir durable\u00a0?<\/span><\/strong><\/h2>\n\n\n\n<p><strong>D\u00e9bat de l\u2019Agora<\/strong>&nbsp;: Jean-Louis Bal et Olivier De Langavant \u00e9taient re\u00e7u le 24 avril 2023 \u00e0 la Tribune \u00e9tudiante de l\u2019EDHEC Business School<\/p>\n\n\n\n<div class=\"wp-block-cover has-background-dim\"><img fetchpriority=\"high\" decoding=\"async\" width=\"5000\" height=\"3333\" class=\"wp-block-cover__image-background wp-image-10847\" alt=\"\" src=\"https:\/\/www.lagora-edhec.com\/wp-content\/uploads\/DSC00575-5000x3333.jpg\" data-object-fit=\"cover\" srcset=\"https:\/\/www.lagora-edhec.com\/wp-content\/uploads\/DSC00575-5000x3333.jpg 5000w, https:\/\/www.lagora-edhec.com\/wp-content\/uploads\/DSC00575-300x200.jpg 300w, https:\/\/www.lagora-edhec.com\/wp-content\/uploads\/DSC00575-768x512.jpg 768w, https:\/\/www.lagora-edhec.com\/wp-content\/uploads\/DSC00575-1536x1024.jpg 1536w, https:\/\/www.lagora-edhec.com\/wp-content\/uploads\/DSC00575-2048x1365.jpg 2048w\" sizes=\"(max-width: 5000px) 100vw, 5000px\" \/><div class=\"wp-block-cover__inner-container is-layout-flow wp-block-cover-is-layout-flow\">\n<p class=\"has-large-font-size\"><\/p>\n<\/div><\/div>\n\n\n\n<p><strong><span class=\"has-inline-color has-colibri-color-1-color\">Les<\/span> <span class=\"has-inline-color has-colibri-color-1-color\">\u00e9nergies renouvelables<\/span><\/strong><\/p>\n\n\n\n<p>Aujourd&rsquo;hui, la question des \u00e9nergies est au centre de toutes les pr\u00e9occupations. Cette controverse autour de nos sources d&rsquo;\u00e9nergie peut nous amener \u00e0 penser qu&rsquo;il est pr\u00e9f\u00e9rable de privil\u00e9gier certaines d&rsquo;entre elles. Cependant, selon Monsieur Bal, \u00ab&nbsp;on ne peut pas miser que sur une \u00e9nergie renouvelable en particulier&nbsp;\u00bb. C\u2019est la compl\u00e9mentarit\u00e9 de diff\u00e9rentes sources d&rsquo;\u00e9nergie renouvelables telles que l&rsquo;\u00e9nergie solaire, photovolta\u00efque, \u00e9olienne, g\u00e9othermique, et la biomasse qui constituera l&rsquo;\u00e9nergie de demain d\u2019apr\u00e8s lui. En parall\u00e8le, Monsieur De Langavant souligne que pour consid\u00e9rer les \u00e9nergies renouvelables comme des substituts aux \u00e9nergies fossiles, il faut prendre en compte leur efficacit\u00e9, leur g\u00e9olocalisation et leur p\u00e9riode d&rsquo;utilisation.&nbsp;<\/p>\n\n\n\n<p>Le d\u00e9bat sur l&rsquo;\u00e9nergie nucl\u00e9aire est \u00e9galement d&rsquo;actualit\u00e9. La question de consid\u00e9rer le nucl\u00e9aire comme une \u00e9nergie renouvelable ayant un impact positif, ne semble pas \u00eatre tranch\u00e9e. Cependant, l&rsquo;ancien pr\u00e9sident du syndicat des \u00e9nergies renouvelables assure que \u00ab ce n&rsquo;est pas le nucl\u00e9aire qui va nous sauver du d\u00e9r\u00e8glement climatique \u00bb.<\/p>\n\n\n\n<p><strong><span class=\"has-inline-color has-colibri-color-1-color\">L\u2019ind\u00e9pendance \u00e9nerg\u00e9tique<\/span><\/strong><\/p>\n\n\n\n<p>\u00c0 la suite de l\u2019\u00e9clatement du conflit entre la Russie et l\u2019Ukraine, la n\u00e9cessit\u00e9 d\u2019\u00eatre plus ind\u00e9pendant \u00e9nerg\u00e9tiquement s\u2019accro\u00eet de jour en jour en Europe. Que ce soient des Etats-Unis ou de la Russie, l\u2019\u00e9nergie de l\u2019Europe d\u00e9pend \u00e0 60% des importations, pour cette raison l\u2019ind\u00e9pendance ne sera pas une rupture mais une progression lente mais n\u00e9cessaire. \u00c0 ce besoin, Monsieur Bal ajoute qu\u2019il faut une sobri\u00e9t\u00e9 de la part des consommateurs et promouvoir les \u00e9nergies renouvelables produites sur le sol europ\u00e9en. C\u2019est la \u00ab&nbsp;lourdeur de notre syst\u00e8me \u00e9nerg\u00e9tique&nbsp;\u00bb qui selon Monsieur De Langavant engrange le plus de probl\u00e8mes d\u2019investissement dans ces \u00e9nergies. \u00ab On n\u2019a pas de p\u00e9trole mais on a des id\u00e9es&nbsp;\u00bb disaient les fran\u00e7ais en 1976. C\u2019est la cr\u00e9ativit\u00e9 qui permettra l\u2019ind\u00e9pendance \u00e9nerg\u00e9tique \u00e0 long terme.&nbsp;<\/p>\n\n\n\n<p><strong><span class=\"has-inline-color has-colibri-color-1-color\">Le futur du p\u00e9trole<\/span><\/strong><\/p>\n\n\n\n<p>Le futur est actuellement plus incertain que jamais. Entre les crises r\u00e9currentes li\u00e9es \u00e0 la lourdeur de l&rsquo;industrie et la forte demande, le p\u00e9trole reste la source d&rsquo;\u00e9nergie la plus utilis\u00e9e mais \u00e9galement celle qui est la plus vou\u00e9e \u00e0 d\u00e9cro\u00eetre. Comme l&rsquo;affirme Monsieur De Langavant : \u00ab\u00a0Nous aurons moins besoin de p\u00e9trole\u00a0\u00bb. Selon les sc\u00e9narios de l&rsquo;Agence Internationale de l&rsquo;\u00c9nergie, la demande de p\u00e9trole devrait diminuer de 100 millions de barils par jour \u00e0 20 millions dans les d\u00e9cennies \u00e0 venir. Pourtant, aujourd&rsquo;hui, la d\u00e9pendance financi\u00e8re \u00e0 l&rsquo;or noir a m\u00eame un nom : la \u00ab\u00a0bulle carbone\u00a0\u00bb, qui d\u00e9signe le fait que la majorit\u00e9 des investissements est bloqu\u00e9e dans les \u00e9nergies fossiles. Est-il possible que le p\u00e9trole finisse par dispara\u00eetre ? Oui, mais cette disparition sera progressive et ne risque pas de survenir brutalement. Il faut tenir compte du fait que certains pays auront plus de difficult\u00e9s \u00e0 r\u00e9duire leur consommation de p\u00e9trole, notamment les pays en voie de d\u00e9veloppement.<\/p>\n\n\n<ul class=\"wp-block-latest-posts__list wp-block-latest-posts\"><li><a class=\"wp-block-latest-posts__post-title\" href=\"https:\/\/www.lagora-edhec.com\/?p=11695\">Conf\u00e9rence de l\u2019Agora : Maxime Fournes et Jean-Baptiste Kempf \u00e9taient re\u00e7us le 26 mars \u00e0 la Tribune \u00e9tudiante de l\u2019Edhec Business School<\/a><\/li>\n<li><a class=\"wp-block-latest-posts__post-title\" href=\"https:\/\/www.lagora-edhec.com\/?p=11640\">Conf\u00e9rence de l\u2019Agora : Thomas-Olivier L\u00e9autier \u00e9tait re\u00e7u le 04\/02 \u00e0 la Tribune de l\u2019EDHEC Business School<\/a><\/li>\n<li><a class=\"wp-block-latest-posts__post-title\" href=\"https:\/\/www.lagora-edhec.com\/?p=11555\">Conf\u00e9rence de l\u2019Agora : Hengameh Yahyazadeh \u00e9tait re\u00e7ue le 3 d\u00e9cembre \u00e0 la Tribune \u00e9tudiante de l\u2019Edhec Business School<\/a><\/li>\n<li><a class=\"wp-block-latest-posts__post-title\" href=\"https:\/\/www.lagora-edhec.com\/?p=11487\">Conf\u00e9rence de l\u2019Agora : Jean Michel Fauvergue \u00e9tait re\u00e7u le 05\/11 \u00e0 la Tribune \u00e9tudiante de l\u2019EDHEC Business School<\/a><\/li>\n<li><a class=\"wp-block-latest-posts__post-title\" href=\"https:\/\/www.lagora-edhec.com\/?p=11292\">Conf\u00e9rence de l\u2019Agora : Juan Branco \u00e0 la Tribune \u00e9tudiante de l&rsquo;EDHEC Business School<\/a><\/li>\n<\/ul>\n\n\n<p><\/p>\n","protected":false},"excerpt":{"rendered":"<p>\u00a0 Plan\u00e8te en p\u00e9ril\u00a0: quel choix pour un avenir durable\u00a0? D\u00e9bat de l\u2019Agora&nbsp;: Jean-Louis Bal et Olivier De Langavant \u00e9taient re\u00e7u le 24 avril 2023 \u00e0 la Tribune \u00e9tudiante de l\u2019EDHEC Business School Les \u00e9nergies renouvelables Aujourd&rsquo;hui, la question des \u00e9nergies est au centre de toutes les pr\u00e9occupations. Cette controverse autour de nos sources d&rsquo;\u00e9nergie [&hellip;]<\/p>\n","protected":false},"author":39,"featured_media":0,"comment_status":"closed","ping_status":"closed","sticky":false,"template":"","format":"standard","meta":{"footnotes":""},"categories":[3],"tags":[],"class_list":["post-10858","post","type-post","status-publish","format-standard","hentry","category-conferences"],"_links":{"self":[{"href":"https:\/\/www.lagora-edhec.com\/index.php?rest_route=\/wp\/v2\/posts\/10858","targetHints":{"allow":["GET"]}}],"collection":[{"href":"https:\/\/www.lagora-edhec.com\/index.php?rest_route=\/wp\/v2\/posts"}],"about":[{"href":"https:\/\/www.lagora-edhec.com\/index.php?rest_route=\/wp\/v2\/types\/post"}],"author":[{"embeddable":true,"href":"https:\/\/www.lagora-edhec.com\/index.php?rest_route=\/wp\/v2\/users\/39"}],"replies":[{"embeddable":true,"href":"https:\/\/www.lagora-edhec.com\/index.php?rest_route=%2Fwp%2Fv2%2Fcomments&post=10858"}],"version-history":[{"count":2,"href":"https:\/\/www.lagora-edhec.com\/index.php?rest_route=\/wp\/v2\/posts\/10858\/revisions"}],"predecessor-version":[{"id":10860,"href":"https:\/\/www.lagora-edhec.com\/index.php?rest_route=\/wp\/v2\/posts\/10858\/revisions\/10860"}],"wp:attachment":[{"href":"https:\/\/www.lagora-edhec.com\/index.php?rest_route=%2Fwp%2Fv2%2Fmedia&parent=10858"}],"wp:term":[{"taxonomy":"category","embeddable":true,"href":"https:\/\/www.lagora-edhec.com\/index.php?rest_route=%2Fwp%2Fv2%2Fcategories&post=10858"},{"taxonomy":"post_tag","embeddable":true,"href":"https:\/\/www.lagora-edhec.com\/index.php?rest_route=%2Fwp%2Fv2%2Ftags&post=10858"}],"curies":[{"name":"wp","href":"https:\/\/api.w.org\/{rel}","templated":true}]}}