{"id":1036,"date":"2009-09-03T16:19:28","date_gmt":"2009-09-03T14:19:28","guid":{"rendered":"http:\/\/www.lagora-edhec.com\/?p=1036"},"modified":"2013-08-18T22:40:18","modified_gmt":"2013-08-18T20:40:18","slug":"recrutements-2009-2010-2","status":"publish","type":"post","link":"https:\/\/www.lagora-edhec.com\/?p=1036","title":{"rendered":"Edito"},"content":{"rendered":"<p class=\"MsoNormal\"><span>Bienvenue sur le Site de l\u2019Agora, l\u2019association de Conf\u00e9rences et de D\u00e9bats de l\u2019EDHEC Business School.<\/span><\/p>\n<p class=\"MsoNormal\"><span>L\u2019Agora vous souhaite ses meilleurs v\u0153ux pour l\u2019ann\u00e9e 2010 qui sera j\u2019en suis s\u00fbr f\u00e9conde en d\u00e9bats. J\u2019ai le plaisir de souhaiter la bienvenue \u00e0 nos deux nouveaux partenaires\u00a0: EDF et Whirpool qui nous soutiennent dans notre action au c\u00f4t\u00e9 du Cr\u00e9dit du Nord, de l\u2019EDHEC Business School et du Point Etudiant.<\/span><\/p>\n<p class=\"MsoNormal\"><span>L\u2019Agora est n\u00e9e d\u2019une volont\u00e9 d\u2019\u00e9tablir un dialogue direct entre les \u00e9tudiants des m\u00e9tropoles lilloise et ni\u00e7oise et les personnalit\u00e9s marquantes de l\u2019actualit\u00e9. Elle regroupe cinquante \u00e9tudiants qui partagent tous la m\u00eame passion : le d\u00e9bat d\u2019id\u00e9es autour des grandes probl\u00e9matiques du XXI\u00e8me Si\u00e8cle. <\/span><\/p>\n<p class=\"MsoNormal\"><span>Qu\u2019il se d\u00e9roule avec Daniel Cohn-Bendit, Jean-Fran\u00e7ois Cop\u00e9, Alain Duhamel ou encore Michel-Edouard Leclerc, le d\u00e9bat est riche en id\u00e9es et se veut interactif, avec \u00e0 la cl\u00e9 : un billet d\u2019humeur, un micro-trottoir, une interview et des questions du public, le tout enti\u00e8rement anim\u00e9 par les \u00e9tudiants de l\u2019association.<\/span><\/p>\n<p class=\"MsoNormal\"><span>Nous avons donc la volont\u00e9 de faire de chaque conf\u00e9rence un \u00e9v\u00e9nement unique, o\u00f9 le d\u00e9bat se fait sans langue de bois et permet \u00e0 chaque \u00e9tudiant de se forger son propre point de vue sur le th\u00e8me abord\u00e9. Notre association assure \u00e0 chaque invit\u00e9 un temps de parole que peu d\u2019autres tribunes d\u2019expression accordent, pour d\u00e9fendre et d\u00e9velopper ses id\u00e9es sans aucune censure.<\/span><\/p>\n<p class=\"MsoNormal\"><span>Plus de 90 invit\u00e9s nous ont d\u00e9j\u00e0 fait l\u2019honneur de s\u2019exprimer \u00e0 la tribune de l\u2019Agora. <\/span><\/p>\n<p class=\"MsoNormal\"><span>A tous, je vous souhaite la bienvenue sur ce site qui vous permettra de suivre l\u2019actualit\u00e9 de l\u2019Agora et d\u2019acc\u00e9der \u00e0 toutes nos conf\u00e9rences en pouvant en visionner les vid\u00e9os et les photos.<\/span><\/p>\n<p class=\"MsoNormal\"><span>Que vous soyez futur invit\u00e9 ou futur membre de notre public, je vous invite \u00e9galement \u00e0 vous abonner \u00e0 notre newsletter pour \u00eatre tenu inform\u00e9 de cette saison 2010 qui, j\u2019en suis s\u00fbr, sera une belle r\u00e9ussite pour l\u2019Agora.<\/span><\/p>\n<p class=\"MsoNormal\"><span> <\/span><\/p>\n<p style=\"text-align: right;\"><strong><span>Matthieu Solelhac<\/span><\/strong><span><br \/>\n<\/span><\/p>\n<p style=\"text-align: right;\"><strong><span>Pr\u00e9sident de L&rsquo;Agora<\/span><\/strong><\/p>\n","protected":false},"excerpt":{"rendered":"<p>Bienvenue sur le Site de l\u2019Agora, l\u2019association de Conf\u00e9rences et de D\u00e9bats de l\u2019EDHEC Business School. L\u2019Agora vous souhaite ses meilleurs v\u0153ux pour l\u2019ann\u00e9e 2010 qui sera j\u2019en suis s\u00fbr f\u00e9conde en d\u00e9bats. J\u2019ai le plaisir de souhaiter la bienvenue \u00e0 nos deux nouveaux partenaires\u00a0: EDF et Whirpool qui nous soutiennent dans notre action au [&hellip;]<\/p>\n","protected":false},"author":1,"featured_media":0,"comment_status":"closed","ping_status":"open","sticky":false,"template":"","format":"standard","meta":{"footnotes":""},"categories":[1],"tags":[],"class_list":["post-1036","post","type-post","status-publish","format-standard","hentry","category-edito"],"_links":{"self":[{"href":"https:\/\/www.lagora-edhec.com\/index.php?rest_route=\/wp\/v2\/posts\/1036","targetHints":{"allow":["GET"]}}],"collection":[{"href":"https:\/\/www.lagora-edhec.com\/index.php?rest_route=\/wp\/v2\/posts"}],"about":[{"href":"https:\/\/www.lagora-edhec.com\/index.php?rest_route=\/wp\/v2\/types\/post"}],"author":[{"embeddable":true,"href":"https:\/\/www.lagora-edhec.com\/index.php?rest_route=\/wp\/v2\/users\/1"}],"replies":[{"embeddable":true,"href":"https:\/\/www.lagora-edhec.com\/index.php?rest_route=%2Fwp%2Fv2%2Fcomments&post=1036"}],"version-history":[{"count":35,"href":"https:\/\/www.lagora-edhec.com\/index.php?rest_route=\/wp\/v2\/posts\/1036\/revisions"}],"predecessor-version":[{"id":4078,"href":"https:\/\/www.lagora-edhec.com\/index.php?rest_route=\/wp\/v2\/posts\/1036\/revisions\/4078"}],"wp:attachment":[{"href":"https:\/\/www.lagora-edhec.com\/index.php?rest_route=%2Fwp%2Fv2%2Fmedia&parent=1036"}],"wp:term":[{"taxonomy":"category","embeddable":true,"href":"https:\/\/www.lagora-edhec.com\/index.php?rest_route=%2Fwp%2Fv2%2Fcategories&post=1036"},{"taxonomy":"post_tag","embeddable":true,"href":"https:\/\/www.lagora-edhec.com\/index.php?rest_route=%2Fwp%2Fv2%2Ftags&post=1036"}],"curies":[{"name":"wp","href":"https:\/\/api.w.org\/{rel}","templated":true}]}}