{"id":103,"date":"2008-10-14T18:30:46","date_gmt":"2008-10-14T16:30:46","guid":{"rendered":"http:\/\/www.lagora-edhec.com\/?p=103"},"modified":"2013-08-18T22:40:43","modified_gmt":"2013-08-18T20:40:43","slug":"celui-qui-a-dit-non","status":"publish","type":"post","link":"https:\/\/www.lagora-edhec.com\/?p=103","title":{"rendered":"Celui qui a dit&#8230; Non"},"content":{"rendered":"<p><img fetchpriority=\"high\" decoding=\"async\" width=\"212\" height=\"300\" class=\"alignleft size-medium wp-image-372\" title=\"Nicolas Dupont-Aignan\" src=\"wp-content\/images\/2008-10-14-dupont-aignan-large3-212x300.jpg\" alt=\"Nicolas Dupont-Aignan\" srcset=\"https:\/\/www.lagora-edhec.com\/wp-content\/uploads\/2008-10-14-dupont-aignan-large3-212x300.jpg 212w, https:\/\/www.lagora-edhec.com\/wp-content\/uploads\/2008-10-14-dupont-aignan-large3.jpg 300w\" sizes=\"(max-width: 212px) 100vw, 212px\" \/>La premi\u00e8re conf\u00e9rence de la saison 2008-2009 avec Nicolas Dupont-Aignan, fondateur du parti de tendance gaulliste <em>Debout La R\u00e9publique. <\/em>Ensemble, nous avons \u00e9voqu\u00e9 sa vision de France et de l&rsquo;Europe mais aussi ses rapports avec la majorit\u00e9 et le Pr\u00e9sident Sarkozy. Et quand il parle de ce dernier, il n&rsquo;a pas la langue dans sa poche :<\/p>\n<p><span style=\"font-family: Calibri;\"><span style=\"font-size: small;\"><span style=\"font-size: 12pt; font-family: Calibri; mso-fareast-font-family: 'Times New Roman'; mso-bidi-font-family: 'Times New Roman'; mso-ansi-language: FR; mso-fareast-language: FR; mso-bidi-language: AR-SA;\">\u00ab Quand on est moins grand que les autres, il faut \u00eatre plus droit et plus libre. \u00bb<\/span><\/span><\/span><\/p>\n<p><span style=\"font-family: Calibri;\"><span style=\"font-size: small;\"><span style=\"font-size: 12pt; font-family: Calibri; mso-fareast-font-family: 'Times New Roman'; mso-bidi-font-family: 'Times New Roman'; mso-ansi-language: FR; mso-fareast-language: FR; mso-bidi-language: AR-SA;\"><span style=\"font-family: Calibri;\"><span style=\"font-size: small;\"><span style=\"font-size: 12pt; font-family: Calibri; mso-fareast-font-family: 'Times New Roman'; mso-bidi-font-family: 'Times New Roman'; mso-ansi-language: FR; mso-fareast-language: FR; mso-bidi-language: AR-SA;\">\u00ab Le probl\u00e8me avec\u00a0Sarkozy c&rsquo;est qu&rsquo;il tient un double langage. C&rsquo;est \u00e7a qui fait la diff\u00e9rence entre un homme politique et un Homme d&rsquo;Etat.\u00a0\u00bb<\/span><\/span><\/span><\/span><\/span><\/span><\/p>\n<p>&nbsp;<\/p>\n<p><span style=\"font-family: Calibri;\"><span style=\"font-size: small;\"><span style=\"font-size: 12pt; font-family: Calibri; mso-fareast-font-family: 'Times New Roman'; mso-bidi-font-family: 'Times New Roman'; mso-ansi-language: FR; mso-fareast-language: FR; mso-bidi-language: AR-SA;\">Quand on vous dit qu&rsquo;\u00e0 L&rsquo;Agora, la libert\u00e9 d&rsquo;expression prime&#8230;<\/span><\/span><\/span><\/p>\n","protected":false},"excerpt":{"rendered":"<p>La premi\u00e8re conf\u00e9rence de la saison 2008-2009 avec Nicolas Dupont-Aignan, fondateur du parti de tendance gaulliste Debout La R\u00e9publique. Ensemble, nous avons \u00e9voqu\u00e9 sa vision de France et de l&rsquo;Europe mais aussi ses rapports avec la majorit\u00e9 et le Pr\u00e9sident Sarkozy. Et quand il parle de ce dernier, il n&rsquo;a pas la langue dans sa [&hellip;]<\/p>\n","protected":false},"author":1,"featured_media":372,"comment_status":"closed","ping_status":"closed","sticky":false,"template":"","format":"standard","meta":{"footnotes":""},"categories":[117,115,3],"tags":[],"class_list":["post-103","post","type-post","status-publish","format-standard","has-post-thumbnail","hentry","category-2008-2009","category-anciennes","category-conferences"],"_links":{"self":[{"href":"https:\/\/www.lagora-edhec.com\/index.php?rest_route=\/wp\/v2\/posts\/103","targetHints":{"allow":["GET"]}}],"collection":[{"href":"https:\/\/www.lagora-edhec.com\/index.php?rest_route=\/wp\/v2\/posts"}],"about":[{"href":"https:\/\/www.lagora-edhec.com\/index.php?rest_route=\/wp\/v2\/types\/post"}],"author":[{"embeddable":true,"href":"https:\/\/www.lagora-edhec.com\/index.php?rest_route=\/wp\/v2\/users\/1"}],"replies":[{"embeddable":true,"href":"https:\/\/www.lagora-edhec.com\/index.php?rest_route=%2Fwp%2Fv2%2Fcomments&post=103"}],"version-history":[{"count":20,"href":"https:\/\/www.lagora-edhec.com\/index.php?rest_route=\/wp\/v2\/posts\/103\/revisions"}],"predecessor-version":[{"id":4068,"href":"https:\/\/www.lagora-edhec.com\/index.php?rest_route=\/wp\/v2\/posts\/103\/revisions\/4068"}],"wp:featuredmedia":[{"embeddable":true,"href":"https:\/\/www.lagora-edhec.com\/index.php?rest_route=\/wp\/v2\/media\/372"}],"wp:attachment":[{"href":"https:\/\/www.lagora-edhec.com\/index.php?rest_route=%2Fwp%2Fv2%2Fmedia&parent=103"}],"wp:term":[{"taxonomy":"category","embeddable":true,"href":"https:\/\/www.lagora-edhec.com\/index.php?rest_route=%2Fwp%2Fv2%2Fcategories&post=103"},{"taxonomy":"post_tag","embeddable":true,"href":"https:\/\/www.lagora-edhec.com\/index.php?rest_route=%2Fwp%2Fv2%2Ftags&post=103"}],"curies":[{"name":"wp","href":"https:\/\/api.w.org\/{rel}","templated":true}]}}