{"id":10187,"date":"2022-02-14T13:16:53","date_gmt":"2022-02-14T12:16:53","guid":{"rendered":"https:\/\/www.lagora-edhec.com\/?p=10187"},"modified":"2022-02-14T13:16:53","modified_gmt":"2022-02-14T12:16:53","slug":"urgence-climatique-est-il-deja-trop-tard","status":"publish","type":"post","link":"https:\/\/www.lagora-edhec.com\/?p=10187","title":{"rendered":"Urgence climatique, est-il d\u00e9j\u00e0 trop tard?"},"content":{"rendered":"\n<h2 class=\"has-text-align-center wp-block-heading\">Urgence climatique: est-il d\u00e9j\u00e0 trop tard?<\/h2>\n\n\n\n<p><\/p>\n\n\n\n<figure class=\"wp-block-image size-large\"><img fetchpriority=\"high\" decoding=\"async\" width=\"5000\" height=\"3333\" src=\"https:\/\/www.lagora-edhec.com\/wp-content\/uploads\/DSC00077-5000x3333.jpg\" alt=\"\" class=\"wp-image-10142\" srcset=\"https:\/\/www.lagora-edhec.com\/wp-content\/uploads\/DSC00077-5000x3333.jpg 5000w, https:\/\/www.lagora-edhec.com\/wp-content\/uploads\/DSC00077-300x200.jpg 300w, https:\/\/www.lagora-edhec.com\/wp-content\/uploads\/DSC00077-768x512.jpg 768w, https:\/\/www.lagora-edhec.com\/wp-content\/uploads\/DSC00077-1536x1024.jpg 1536w, https:\/\/www.lagora-edhec.com\/wp-content\/uploads\/DSC00077-2048x1365.jpg 2048w\" sizes=\"(max-width: 5000px) 100vw, 5000px\" \/><figcaption>Jean Jouzel \u00e0 l&rsquo;Agora le 1er f\u00e9vrier 2022.<\/figcaption><\/figure>\n\n\n\n<p>Conf\u00e9rence de l\u2019Agora&nbsp;: Jean Jouzel, ancien vice-pr\u00e9sident du GIEC et r\u00e9cipiendaire de la m\u00e9daille d\u2019or du CNRS \u00e9tait re\u00e7u le <strong>1<\/strong><strong><sup>er<\/sup><\/strong><strong> f\u00e9vrier 2022 <\/strong>par la Tribune \u00e9tudiante de l\u2019EDHEC Business School.&nbsp;<\/p>\n\n\n\n<p><strong>Le r\u00e9chauffement global&nbsp;: la tumeur maligne de la plan\u00e8te.&nbsp;<\/strong><\/p>\n\n\n\n<p>Le lien de causalit\u00e9 entre r\u00e9chauffement climatique et \u00e9missions de CO2 \u00e9tait d\u00e9j\u00e0 une certitude dans les ann\u00e9es 70&nbsp;; au commencement de la carri\u00e8re de Jean Jouzel. Une observation \u00e9tay\u00e9e depuis par de nombreuses \u00e9tudes et notamment celle de 1987 d\u00e9montrant l\u2019\u00e9troite corr\u00e9lation entre effet de serre et r\u00e9chauffement global. C\u2019est concordamment \u00e0 ces conclusions que f\u00fbt cr\u00e9\u00e9 le GIEC, un organisme scientifique ind\u00e9pendant ayant pour objectif de publier des constats climatiques dans le but de mettre en place des mesures cibl\u00e9es et efficaces. La fin du 6<sup>e<\/sup> rapport de l\u2019organisme va en ce sens \u00eatre publi\u00e9e dans les prochaines semaines et mettre en exergue un fait marquant : malgr\u00e9 les avertissements r\u00e9p\u00e9titifs, le danger du r\u00e9chauffement climatique n\u2019a jamais \u00e9t\u00e9 aussi pr\u00e9sent qu\u2019actuellement. En effet dans le sc\u00e9nario ou l\u2019attentisme serait global, les temp\u00e9ratures augmenteraient en moyenne de cinq degr\u00e9s d\u2019ici la fin du si\u00e8cle. Nous ne faisons que vivre ce qui \u00e9tait initialement anticip\u00e9. Or comme le souligne Jean Jouzel \u00ab&nbsp;<em>entre en parler et le vivre, il y a une vraie diff\u00e9rence<\/em>&nbsp;\u00bb et ce notamment dans les m\u0153urs collectives.&nbsp; Le sc\u00e9nario catastrophe est-il alors in\u00e9luctable&nbsp;?<\/p>\n\n\n\n<p><strong>Une sortie de crise est-elle envisageable ou le monde est-il condamn\u00e9 \u00e0 la dystopie&nbsp;climatique ?&nbsp;<\/strong><\/p>\n\n\n\n<p>Selon Monsieur Jouzel, il est possible de contenir la mont\u00e9e des temp\u00e9ratures \u00e0 deux degr\u00e9s en respectant les accords de Paris, et plus particuli\u00e8rement en atteignant la neutralit\u00e9 carbone d\u2019ici la seconde moiti\u00e9 du si\u00e8cle, ce qui n\u00e9cessite un doublement des efforts globaux. En ce sens, cela n\u00e9cessite une sensibilisation accrue&nbsp;: si les jeunes g\u00e9n\u00e9rations semblent avoir b\u00e9n\u00e9fici\u00e9 d\u2019une \u00e9ducation cibl\u00e9e sur le sujet, il est par exemple n\u00e9cessaire pour les politiques de mettre l\u2019accent sur l\u2019urgence climatique et de concilier mandats courts et probl\u00e8me de long terme : \u00ab&nbsp;<em>L\u2019\u00e9cologie devrait \u00eatre au centre de la politique de tous les partis&nbsp;<\/em>\u00bb. En somme si l\u2019Etat est un protagoniste majeur de la lutte pour le climat gr\u00e2ce \u00e0 son pouvoir r\u00e9galien, tout le monde \u00e0 un r\u00f4le \u00e0 jouer car chaque geste \u00e0 son importance. Il est pressant d\u2019emp\u00eacher la catastrophe car nous ne pourrons y faire face. Ainsi, Jean Jouzel pr\u00f4ne un mod\u00e8le de transition, et souligne son imminente n\u00e9cessit\u00e9 par cette phrase laconique&nbsp;: <em>\u00ab&nbsp;la transition, vous le ferez ou vous la subirez<\/em>&nbsp;\u00bb. Il est en effet impossible de promouvoir d\u2019anciens mod\u00e8les dans ce monde en transformation perp\u00e9tuelle et aux d\u00e9fis nouveaux. D\u00e9velopper un arch\u00e9type de mod\u00e8le \u00e9conomique est alors primordial car \u00ab&nbsp;<em>une croissance diff\u00e9rente est possible, une stagnation du PIB sans d\u00e9gradation du mode de vie ou de l\u2019emploi<\/em>&nbsp;\u00bb selon le climatologue.&nbsp;<\/p>\n\n\n\n<p>Vous pouvez retrouver la conf\u00e9rence de Jean Jouzel en int\u00e9gralit\u00e9 sur notre cha\u00eene YouTube&nbsp;:&nbsp;\u00ab&nbsp;L\u2019Agora&nbsp;\u00bb. Nous vous invitons aussi \u00e0 suivre toute l\u2019actualit\u00e9 de l\u2019association en vous abonnant \u00e0 l\u2019int\u00e9gralit\u00e9 de nos r\u00e9seaux&nbsp;: Facebook, LinkedIn, Instagram et Twitter&nbsp;!&nbsp;<\/p>\n","protected":false},"excerpt":{"rendered":"<p>Urgence climatique: est-il d\u00e9j\u00e0 trop tard? Conf\u00e9rence de l\u2019Agora&nbsp;: Jean Jouzel, ancien vice-pr\u00e9sident du GIEC et r\u00e9cipiendaire de la m\u00e9daille d\u2019or du CNRS \u00e9tait re\u00e7u le 1er f\u00e9vrier 2022 par la Tribune \u00e9tudiante de l\u2019EDHEC Business School.&nbsp; Le r\u00e9chauffement global&nbsp;: la tumeur maligne de la plan\u00e8te.&nbsp; Le lien de causalit\u00e9 entre r\u00e9chauffement climatique et \u00e9missions [&hellip;]<\/p>\n","protected":false},"author":39,"featured_media":0,"comment_status":"closed","ping_status":"closed","sticky":false,"template":"","format":"standard","meta":{"footnotes":""},"categories":[3],"tags":[],"class_list":["post-10187","post","type-post","status-publish","format-standard","hentry","category-conferences"],"_links":{"self":[{"href":"https:\/\/www.lagora-edhec.com\/index.php?rest_route=\/wp\/v2\/posts\/10187","targetHints":{"allow":["GET"]}}],"collection":[{"href":"https:\/\/www.lagora-edhec.com\/index.php?rest_route=\/wp\/v2\/posts"}],"about":[{"href":"https:\/\/www.lagora-edhec.com\/index.php?rest_route=\/wp\/v2\/types\/post"}],"author":[{"embeddable":true,"href":"https:\/\/www.lagora-edhec.com\/index.php?rest_route=\/wp\/v2\/users\/39"}],"replies":[{"embeddable":true,"href":"https:\/\/www.lagora-edhec.com\/index.php?rest_route=%2Fwp%2Fv2%2Fcomments&post=10187"}],"version-history":[{"count":2,"href":"https:\/\/www.lagora-edhec.com\/index.php?rest_route=\/wp\/v2\/posts\/10187\/revisions"}],"predecessor-version":[{"id":10189,"href":"https:\/\/www.lagora-edhec.com\/index.php?rest_route=\/wp\/v2\/posts\/10187\/revisions\/10189"}],"wp:attachment":[{"href":"https:\/\/www.lagora-edhec.com\/index.php?rest_route=%2Fwp%2Fv2%2Fmedia&parent=10187"}],"wp:term":[{"taxonomy":"category","embeddable":true,"href":"https:\/\/www.lagora-edhec.com\/index.php?rest_route=%2Fwp%2Fv2%2Fcategories&post=10187"},{"taxonomy":"post_tag","embeddable":true,"href":"https:\/\/www.lagora-edhec.com\/index.php?rest_route=%2Fwp%2Fv2%2Ftags&post=10187"}],"curies":[{"name":"wp","href":"https:\/\/api.w.org\/{rel}","templated":true}]}}