{"id":10177,"date":"2022-02-14T13:11:55","date_gmt":"2022-02-14T12:11:55","guid":{"rendered":"https:\/\/www.lagora-edhec.com\/?p=10177"},"modified":"2022-02-14T13:11:55","modified_gmt":"2022-02-14T12:11:55","slug":"jean-dominique-senard-pilote-de-lindustrie-automobile-francaise","status":"publish","type":"post","link":"https:\/\/www.lagora-edhec.com\/?p=10177","title":{"rendered":"Jean Dominique Senard, pilote de l&rsquo;industrie automobile fran\u00e7aise !"},"content":{"rendered":"\n<h2 class=\"has-text-align-center wp-block-heading\"><strong>Jean-Dominique Senard, pilote de l&rsquo;industrie automobile fran\u00e7aise ! <\/strong><\/h2>\n\n\n\n<div class=\"wp-block-image\"><figure class=\"aligncenter size-full\"><img fetchpriority=\"high\" decoding=\"async\" width=\"2560\" height=\"1707\" src=\"https:\/\/www.lagora-edhec.com\/wp-content\/uploads\/DSC00235-scaled.jpg\" alt=\"\" class=\"wp-image-10126\" srcset=\"https:\/\/www.lagora-edhec.com\/wp-content\/uploads\/DSC00235-scaled.jpg 2560w, https:\/\/www.lagora-edhec.com\/wp-content\/uploads\/DSC00235-300x200.jpg 300w, https:\/\/www.lagora-edhec.com\/wp-content\/uploads\/DSC00235-768x512.jpg 768w, https:\/\/www.lagora-edhec.com\/wp-content\/uploads\/DSC00235-1536x1024.jpg 1536w, https:\/\/www.lagora-edhec.com\/wp-content\/uploads\/DSC00235-2048x1365.jpg 2048w\" sizes=\"(max-width: 2560px) 100vw, 2560px\" \/><figcaption>Jean-Dominique Senard \u00e0 l&rsquo;Agora le 9 f\u00e9vrier 2022.<\/figcaption><\/figure><\/div>\n\n\n\n<p>Mercredi 9 f\u00e9vrier 2022, l\u2019Agora recevait Jean-Dominique Senard, pr\u00e9sident de l\u2019alliance Renault-Nissan-Mitsubishi, pour une conf\u00e9rence inspirante sur le th\u00e8me&nbsp;: \u00ab&nbsp;Pilote de l\u2019industrie automobile fran\u00e7aise&nbsp;\u00bb.&nbsp;<\/p>\n\n\n\n<p><strong>Sortir de la crise, se tourner vers l\u2019avenir<\/strong><\/p>\n\n\n\n<p>&nbsp;&nbsp;&nbsp;&nbsp;&nbsp;Si on se souvient tous de l\u2019affaire Carlos Ghosn, elle reste encore fra\u00eeche dans la m\u00e9moire de son successeur, qui s\u2019est d\u00e9men\u00e9 pour r\u00e9soudre une crise \u00e9conomique qui allait tourner au drame politique entre la France et le Japon. C\u2019est dans une ambiance tendue que Jean-Dominique Senard a fait ses premiers pas dans l\u2019alliance. Sa priorit\u00e9 : restaurer une atmosph\u00e8re sereine, pour mettre en place des conditions de travail meilleures. Fort de son exp\u00e9rience pass\u00e9e, l\u2019ancien pr\u00e9sident de Michelin a r\u00e9ussi son objectif de pacification de l\u2019alliance au cours d\u2019une p\u00e9riode qui aura repr\u00e9sent\u00e9 \u201cun des moments les plus difficiles de [sa] carri\u00e8re\u201d, mais qui lui aura valu de vivre une \u201caventure culturelle extraordinaire\u201d.<br>&nbsp; Mais la r\u00e9solution de la crise n\u2019a pas \u00e9t\u00e9 le seul d\u00e9fi de Jean-Dominique Senard, qui se penche \u00e0 pr\u00e9sent vers l\u2019avenir de l\u2019automobile. Les deux r\u00e9volutions que constituent la transition \u00e9nerg\u00e9tique et la technologie sont des d\u00e9fis consid\u00e9rables. \u201cL\u2019entreprise automobile devient une entreprise technologique\u201d a m\u00eame confi\u00e9 notre invit\u00e9.&nbsp;<\/p>\n\n\n\n<p><strong>&nbsp;Vers un capitalisme responsable<\/strong><\/p>\n\n\n\n<p>&nbsp;&nbsp;&nbsp;&nbsp;\u201cIl est aujourd\u2019hui fondamental que l\u2019on change de capitalisme\u201d. Quelle alternative apporter \u00e0 une vision du capitalisme court-termiste et peu humaine comme celle du profit avant tout, ou encore le capitalisme d\u2019\u00c9tat chinois ? Pour Jean-Dominique Senard, la r\u00e9ponse est simple: un capitalisme qui fait sa part \u00e0 l\u2019existence du profit, mais dont le r\u00f4le est bien plus large. \u201cL\u2019entreprise est un \u00e9co-syst\u00e8me incroyable\u201d : en effet, il reste convaincu que l\u2019entreprise doit \u00eatre le p\u00f4le de rayonnement de l\u2019\u00e9conomie mais aussi de la prise en compte des causes environnementales et sociales. Toutes les entreprises devraient \u00eatre \u00e0 mission, et au service des autres. C\u2019est l\u00e0 l\u2019enjeu de la \u201craison d\u2019\u00eatre\u201d de l\u2019entreprise, notion parue dans le rapport sur la mission \u201centreprise et int\u00e9r\u00eat g\u00e9n\u00e9ral\u201d, confi\u00e9 \u00e0 notre invit\u00e9 par l\u2019\u00c9tat. L\u2019entreprise aurait m\u00eame un r\u00f4le politique, en t\u00e9moigne la cr\u00e9ation r\u00e9cente de 2500 emplois dans les usines fran\u00e7aises du groupe.&nbsp;<\/p>\n\n\n\n<p><strong>&nbsp;L\u2019ambition du service : un moteur quotidien&nbsp;<\/strong><\/p>\n\n\n\n<p>\u00a0\u00a0\u00a0\u00a0\u00a0\u00a0\u201cSoyez ambitieux sans avoir de mauvais d\u00e9sirs de puissance, et ne franchissez jamais la ligne jaune de vos convictions\u201d. C\u2019est bien cette \u00e9thique qui a transcend\u00e9 toute la prise de parole de Jean-Dominique Senard, qui s\u2019est exprim\u00e9 avec franchise et passion sur la mission qu\u2019il se donne au quotidien. Pour lui, la vraie ambition r\u00e9side dans le service. Et alors que ses \u00e9tudes brillantes le destinaient plus naturellement \u00e0 la chose publique, il a trouv\u00e9 dans l\u2019industrie, dans ce secteur o\u00f9 il a avou\u00e9 se sentir \u201ctellement bien\u201d, le moyen de servir. \u00c0 chaque passage dans une nouvelle entreprise industrielle, il a confi\u00e9 retrouver \u201cla m\u00eame ambiance passionn\u00e9e\u201d, qui encourage le secteur \u00e0 rayonner.<br>\u00a0 C\u2019est donc avec un mod\u00e8le inspirant d\u2019humilit\u00e9, d\u2019ambition et de sens que l\u2019on sort de la conf\u00e9rence de Jean-Dominique Senard, que nous remercions pour son t\u00e9moignage poignant.\u00a0<\/p>\n","protected":false},"excerpt":{"rendered":"<p>Jean-Dominique Senard, pilote de l&rsquo;industrie automobile fran\u00e7aise ! Mercredi 9 f\u00e9vrier 2022, l\u2019Agora recevait Jean-Dominique Senard, pr\u00e9sident de l\u2019alliance Renault-Nissan-Mitsubishi, pour une conf\u00e9rence inspirante sur le th\u00e8me&nbsp;: \u00ab&nbsp;Pilote de l\u2019industrie automobile fran\u00e7aise&nbsp;\u00bb.&nbsp; Sortir de la crise, se tourner vers l\u2019avenir &nbsp;&nbsp;&nbsp;&nbsp;&nbsp;Si on se souvient tous de l\u2019affaire Carlos Ghosn, elle reste encore fra\u00eeche dans la [&hellip;]<\/p>\n","protected":false},"author":39,"featured_media":0,"comment_status":"closed","ping_status":"closed","sticky":false,"template":"","format":"standard","meta":{"footnotes":""},"categories":[3],"tags":[],"class_list":["post-10177","post","type-post","status-publish","format-standard","hentry","category-conferences"],"_links":{"self":[{"href":"https:\/\/www.lagora-edhec.com\/index.php?rest_route=\/wp\/v2\/posts\/10177","targetHints":{"allow":["GET"]}}],"collection":[{"href":"https:\/\/www.lagora-edhec.com\/index.php?rest_route=\/wp\/v2\/posts"}],"about":[{"href":"https:\/\/www.lagora-edhec.com\/index.php?rest_route=\/wp\/v2\/types\/post"}],"author":[{"embeddable":true,"href":"https:\/\/www.lagora-edhec.com\/index.php?rest_route=\/wp\/v2\/users\/39"}],"replies":[{"embeddable":true,"href":"https:\/\/www.lagora-edhec.com\/index.php?rest_route=%2Fwp%2Fv2%2Fcomments&post=10177"}],"version-history":[{"count":2,"href":"https:\/\/www.lagora-edhec.com\/index.php?rest_route=\/wp\/v2\/posts\/10177\/revisions"}],"predecessor-version":[{"id":10179,"href":"https:\/\/www.lagora-edhec.com\/index.php?rest_route=\/wp\/v2\/posts\/10177\/revisions\/10179"}],"wp:attachment":[{"href":"https:\/\/www.lagora-edhec.com\/index.php?rest_route=%2Fwp%2Fv2%2Fmedia&parent=10177"}],"wp:term":[{"taxonomy":"category","embeddable":true,"href":"https:\/\/www.lagora-edhec.com\/index.php?rest_route=%2Fwp%2Fv2%2Fcategories&post=10177"},{"taxonomy":"post_tag","embeddable":true,"href":"https:\/\/www.lagora-edhec.com\/index.php?rest_route=%2Fwp%2Fv2%2Ftags&post=10177"}],"curies":[{"name":"wp","href":"https:\/\/api.w.org\/{rel}","templated":true}]}}